{"id":956,"date":"2021-03-29T22:35:00","date_gmt":"2021-03-29T20:35:00","guid":{"rendered":"http:\/\/localhost\/?p=956"},"modified":"2021-04-05T22:17:23","modified_gmt":"2021-04-05T20:17:23","slug":"2021-ouverture-du-canal-de-nantes-a-brest","status":"publish","type":"post","link":"http:\/\/valderdre.fr\/wrdp\/2021-ouverture-du-canal-de-nantes-a-brest\/","title":{"rendered":"2021 &#8211; Ouverture du Canal de Nantes \u00e0 Brest"},"content":{"rendered":"<p>La navigation sur le canal de Nantes \u00e0 Brest serai r\u00e9duite\u00a0\u00e0 5 mois suivant les conditions m\u00e9t\u00e9o.<\/p>\n<p><img loading=\"lazy\" decoding=\"async\" class=\"aligncenter wp-image-923\" src=\"http:\/\/localhost\/wp-content\/uploads\/PICT0010-1024x768.jpg\" alt=\"\" width=\"600\" height=\"450\" srcset=\"http:\/\/valderdre.fr\/wrdp\/wp-content\/uploads\/PICT0010-1024x768.jpg 1024w, http:\/\/valderdre.fr\/wrdp\/wp-content\/uploads\/PICT0010-300x225.jpg 300w, http:\/\/valderdre.fr\/wrdp\/wp-content\/uploads\/PICT0010-150x113.jpg 150w, http:\/\/valderdre.fr\/wrdp\/wp-content\/uploads\/PICT0010-768x576.jpg 768w, http:\/\/valderdre.fr\/wrdp\/wp-content\/uploads\/PICT0010-1536x1152.jpg 1536w, http:\/\/valderdre.fr\/wrdp\/wp-content\/uploads\/PICT0010-2048x1536.jpg 2048w, http:\/\/valderdre.fr\/wrdp\/wp-content\/uploads\/PICT0010-24x18.jpg 24w, http:\/\/valderdre.fr\/wrdp\/wp-content\/uploads\/PICT0010-36x27.jpg 36w, http:\/\/valderdre.fr\/wrdp\/wp-content\/uploads\/PICT0010-48x36.jpg 48w\" sizes=\"auto, (max-width: 600px) 100vw, 600px\" \/><\/p>\n<p style=\"text-align: justify;\">Lieu anim\u00e9 d\u00e8s le printemps avec la circulation le long du canal, de randonneurs et cyclistes,\u00a0de nombreux plaisanciers attendent l\u2019ouverture, annonc\u00e9e au 30 avril, avec impatience. Mais les plaisanciers se montrent aussi inquiets sur la dur\u00e9e d\u2019ouverture qui pourrait se r\u00e9duire en fonction des conditions m\u00e9t\u00e9o.<\/p>\n<p style=\"text-align: justify;\">Le D\u00e9partement de Loire-Atlantique, propri\u00e9taire et gestionnaire de la partie du canal de Nantes \u00e0 Brest entre Nort-sur-Erdre et Redon, vient d\u2019annoncer les dates et conditions de r\u00e9ouverture des \u00e9cluses.<\/p>\n<p style=\"text-align: justify;\">Une annonce qu\u2019attendent chaque ann\u00e9e avec impatience, les plaisanciers adeptes de la navigation fluviale sur ce cours d\u2019eau. Les quelque trente plaisanciers r\u00e9unis au sein de l\u2019association Surcouf, dont Blain est le port d\u2019attache, en font partie.<\/p>\n<p><strong>\u00ab Un retard d\u2019un mois apr\u00e8s une ann\u00e9e frustrante \u00bb<\/strong><\/p>\n<p style=\"text-align: justify;\">\u00ab Habituellement, l\u2019ouverture et la fermeture des \u00e9cluses co\u00efncident avec les changements d\u2019heure : d\u00e9but de saison vers le 1er avril, fin de saison au 1er octobre, rappelle Jean-Pierre Capron, pr\u00e9sident de l\u2019association. Or, le D\u00e9partement vient d\u2019annoncer une ouverture seulement le 30 avril pour le tron\u00e7on qui va de Nort-sur-Erdre \u00e0 Guenrouet et le 12 mai, pour la section de canal qui va de F\u00e9gr\u00e9ac \u00e0 Redon. Apr\u00e8s une ann\u00e9e 2020, frustrante et son ouverture seulement le 12 juin, nous esp\u00e9rions un retour quasi \u00e0 la normale pour cette saison 2021. \u00bb<\/p>\n<p style=\"text-align: justify;\">D\u00e9\u00e7us, les plaisanciers se montrent aussi inquiets sur la dur\u00e9e d\u2019ouverture qui pourrait se r\u00e9duire en fonction des conditions m\u00e9t\u00e9o. En effet, l\u2019\u00e9tang de Vioreau, bassin r\u00e9gulateur du niveau d\u2019eau dans le canal, va diminuer sa capacit\u00e9. \u00ab Pour m\u00e9nager le barrage de retenu qui demande des travaux de renforcement, le niveau d\u2019eau va \u00eatre baiss\u00e9 d\u2019un m\u00e8tre, croit savoir le pr\u00e9sident Capron. Mais un m\u00e8tre de moins ce sont des centaines de millions de m\u00e8tres cubes d\u2019eau en moins, dans ce r\u00e9servoir du canal. Ce qui pourrait conduire a une fermeture pr\u00e9matur\u00e9e. \u00bb<\/p>\n<p style=\"text-align: justify;\">Passer \u00e0 deux bateaux \u00e0 la fois les \u00e9cluses est une solution pr\u00e9conis\u00e9e pour \u00e9conomiser l\u2019\u00e9clusage, donc l\u2019eau. \u00ab Oui, mais \u00e7a n\u2019est pas toujours \u00e9vident \u00bb, assure Jean-Pierre Capron.<\/p>\n<p style=\"text-align: justify;\">\u00ab Nous aviserons selon les contraintes \u00bb<br \/>\nPour ce qui est de la F\u00eate de la Batellerie, la traditionnelle animation organis\u00e9e par l\u2019association Surcouf, sur le port. Elle reste inscrite au calendrier, pour les 12 et 13 juin. \u00ab Nous aviserons selon les contraintes en vigueur \u00e0 cette p\u00e9riode \u00bb, annonce Philippe Roussel, nouveau secr\u00e9taire. \u00ab Il y a aussi plein d\u2019incertitudes sur la capacit\u00e9 des associations Blinoises et groupes musicaux qui y participaient, \u00e0 apporter leur contribution. On verra si on dispose de suffisamment de temps pour tout mettre en \u0153uvre \u00bb, conclut le pr\u00e9sident.<\/p>\n<p><span style=\"font-size: 8pt;\"><em>(Article Ouest-France)<\/em><\/span><\/p>\n","protected":false},"excerpt":{"rendered":"<p>La navigation sur le canal de Nantes \u00e0 Brest serai r\u00e9duite\u00a0\u00e0 5 mois suivant les conditions m\u00e9t\u00e9o. Lieu anim\u00e9 d\u00e8s le printemps avec la circulation le long du canal, de randonneurs et cyclistes,\u00a0de nombreux plaisanciers attendent l\u2019ouverture, annonc\u00e9e au 30 avril, avec impatience. Mais les plaisanciers se montrent aussi inquiets sur la dur\u00e9e d\u2019ouverture qui pourrait se r\u00e9duire en fonction&#46;&#46;&#46;<\/p>\n","protected":false},"author":1,"featured_media":924,"comment_status":"open","ping_status":"open","sticky":false,"template":"","format":"standard","meta":{"footnotes":""},"categories":[5],"tags":[],"class_list":["post-956","post","type-post","status-publish","format-standard","has-post-thumbnail","hentry","category-le-canal"],"views":948,"_links":{"self":[{"href":"http:\/\/valderdre.fr\/wrdp\/wp-json\/wp\/v2\/posts\/956","targetHints":{"allow":["GET"]}}],"collection":[{"href":"http:\/\/valderdre.fr\/wrdp\/wp-json\/wp\/v2\/posts"}],"about":[{"href":"http:\/\/valderdre.fr\/wrdp\/wp-json\/wp\/v2\/types\/post"}],"author":[{"embeddable":true,"href":"http:\/\/valderdre.fr\/wrdp\/wp-json\/wp\/v2\/users\/1"}],"replies":[{"embeddable":true,"href":"http:\/\/valderdre.fr\/wrdp\/wp-json\/wp\/v2\/comments?post=956"}],"version-history":[{"count":11,"href":"http:\/\/valderdre.fr\/wrdp\/wp-json\/wp\/v2\/posts\/956\/revisions"}],"predecessor-version":[{"id":974,"href":"http:\/\/valderdre.fr\/wrdp\/wp-json\/wp\/v2\/posts\/956\/revisions\/974"}],"wp:featuredmedia":[{"embeddable":true,"href":"http:\/\/valderdre.fr\/wrdp\/wp-json\/wp\/v2\/media\/924"}],"wp:attachment":[{"href":"http:\/\/valderdre.fr\/wrdp\/wp-json\/wp\/v2\/media?parent=956"}],"wp:term":[{"taxonomy":"category","embeddable":true,"href":"http:\/\/valderdre.fr\/wrdp\/wp-json\/wp\/v2\/categories?post=956"},{"taxonomy":"post_tag","embeddable":true,"href":"http:\/\/valderdre.fr\/wrdp\/wp-json\/wp\/v2\/tags?post=956"}],"curies":[{"name":"wp","href":"https:\/\/api.w.org\/{rel}","templated":true}]}}