{"id":31,"date":"2020-10-12T13:45:59","date_gmt":"2020-10-12T11:45:59","guid":{"rendered":"http:\/\/localhost\/?p=31"},"modified":"2021-04-06T22:08:27","modified_gmt":"2021-04-06T20:08:27","slug":"nantes-piste-cyclable-neuve-le-long-de-lerdre","status":"publish","type":"post","link":"http:\/\/valderdre.fr\/wrdp\/nantes-piste-cyclable-neuve-le-long-de-lerdre\/","title":{"rendered":"Nantes. Piste cyclable neuve le long de l\u2019Erdre"},"content":{"rendered":"<p style=\"text-align: justify;\">Depuis lundi 24\u00a0septembre, les travaux sont lanc\u00e9s quai Ceineray. Ce bout de chantier qui s\u2019ach\u00e8vera en d\u00e9cembre 2018 est destin\u00e9 \u00e0 am\u00e9nager une piste cyclable et un cheminement pi\u00e9ton. Mais il n\u2019est que la premi\u00e8re phase de la prolongation de l\u2019axe cyclable nord-sud de Nantes. D\u2019ici \u00e0 l\u2019\u00e9t\u00e9 2019, un nouvel itin\u00e9raire s\u00e9curis\u00e9 de deux kilom\u00e8tres s\u2019offrira aux v\u00e9los, le long des bords de l\u2019Erdre.<\/p>\n<p><img loading=\"lazy\" decoding=\"async\" class=\"alignnone wp-image-980 aligncenter\" src=\"http:\/\/localhost\/wp-content\/uploads\/piste_cyclable-300x191.jpg\" alt=\"\" width=\"630\" height=\"400\" srcset=\"http:\/\/valderdre.fr\/wrdp\/wp-content\/uploads\/piste_cyclable-300x191.jpg 300w, http:\/\/valderdre.fr\/wrdp\/wp-content\/uploads\/piste_cyclable-200x127.jpg 200w, http:\/\/valderdre.fr\/wrdp\/wp-content\/uploads\/piste_cyclable-768x488.jpg 768w, http:\/\/valderdre.fr\/wrdp\/wp-content\/uploads\/piste_cyclable-24x15.jpg 24w, http:\/\/valderdre.fr\/wrdp\/wp-content\/uploads\/piste_cyclable-36x23.jpg 36w, http:\/\/valderdre.fr\/wrdp\/wp-content\/uploads\/piste_cyclable-48x30.jpg 48w, http:\/\/valderdre.fr\/wrdp\/wp-content\/uploads\/piste_cyclable.jpg 940w\" sizes=\"auto, (max-width: 630px) 100vw, 630px\" \/><\/p>\n<p style=\"text-align: justify;\">Le chantier en cours de part et d\u2019autre de la rivi\u00e8re permettra de relier le pont de la Torti\u00e8re et s\u2019int\u00e9grera aux deux grands axes cyclables existants d\u00e9j\u00e0 \u00e0 Nantes, entre est et ouest. Il passera par les quais Ceineray et Barbusse, le boulevard Van Iseghem. Des am\u00e9nagements pi\u00e9tons seront \u00e9galement mis en place. \u00c0 terme, le long des promenades, le promeneur disposera de douze bancs, de dix corbeilles et de douze appuis v\u00e9los, quai Barbusse.<\/p>\n<p style=\"text-align: justify;\">Dans sa phase 2, le chantier am\u00e9nagera la rue Sully, de novembre 2018 \u00e0 janvier 2019. Entre janvier et mai 2019, \u00e7a sera au tour de la place Waldeck-Rousseau et du quai Barbusse d\u2019\u00eatre dot\u00e9s de pistes cyclables et pi\u00e9tonnes. La circulation des v\u00e9hicules sera maintenue dans les deux sens autant que possible ou dans un seul sens de circulation, avec d\u00e9viation. De fa\u00e7on tr\u00e8s ponctuelle, notamment pour les travaux de nuit, quelques sections de voies pourraient \u00eatre ferm\u00e9es.<\/p>\n<p style=\"text-align: justify;\">Entre le pont de la Motte-Rouge et celui de la Torti\u00e8re, il est pr\u00e9vu, au pr\u00e9alable, de renouveler la conduite d\u2019eau potable qui passe par la chauss\u00e9e du boulevard Van Iseghem. Ces travaux ont d\u00e9marr\u00e9 le 3\u00a0septembre et se poursuivent jusqu\u2019\u00e0 la fin du mois de d\u00e9cembre 2018. Le boulevard sera ferm\u00e9 \u00e0 la circulation, hormis pour les riverains. D\u00e8s janvier, les travaux d\u2019am\u00e9nagement commenceront, avec une circulation \u00e0 sens unique jusqu\u2019en avril 2019. Montant de l\u2019op\u00e9ration, au total\u2009? 3,6\u00a0millions d\u2019euros.<\/p>\n","protected":false},"excerpt":{"rendered":"<p>Depuis lundi 24\u00a0septembre, les travaux sont lanc\u00e9s quai Ceineray. Ce bout de chantier qui s\u2019ach\u00e8vera en d\u00e9cembre 2018 est destin\u00e9 \u00e0 am\u00e9nager une piste cyclable et un cheminement pi\u00e9ton. Mais il n\u2019est que la premi\u00e8re phase de la prolongation de l\u2019axe cyclable nord-sud de Nantes. D\u2019ici \u00e0 l\u2019\u00e9t\u00e9 2019, un nouvel itin\u00e9raire s\u00e9curis\u00e9 de deux kilom\u00e8tres s\u2019offrira aux v\u00e9los, le&#46;&#46;&#46;<\/p>\n","protected":false},"author":1,"featured_media":980,"comment_status":"open","ping_status":"open","sticky":false,"template":"","format":"standard","meta":{"footnotes":""},"categories":[3],"tags":[],"class_list":["post-31","post","type-post","status-publish","format-standard","has-post-thumbnail","hentry","category-la-chapelle-sur-erdre"],"views":1620,"_links":{"self":[{"href":"http:\/\/valderdre.fr\/wrdp\/wp-json\/wp\/v2\/posts\/31","targetHints":{"allow":["GET"]}}],"collection":[{"href":"http:\/\/valderdre.fr\/wrdp\/wp-json\/wp\/v2\/posts"}],"about":[{"href":"http:\/\/valderdre.fr\/wrdp\/wp-json\/wp\/v2\/types\/post"}],"author":[{"embeddable":true,"href":"http:\/\/valderdre.fr\/wrdp\/wp-json\/wp\/v2\/users\/1"}],"replies":[{"embeddable":true,"href":"http:\/\/valderdre.fr\/wrdp\/wp-json\/wp\/v2\/comments?post=31"}],"version-history":[{"count":3,"href":"http:\/\/valderdre.fr\/wrdp\/wp-json\/wp\/v2\/posts\/31\/revisions"}],"predecessor-version":[{"id":981,"href":"http:\/\/valderdre.fr\/wrdp\/wp-json\/wp\/v2\/posts\/31\/revisions\/981"}],"wp:featuredmedia":[{"embeddable":true,"href":"http:\/\/valderdre.fr\/wrdp\/wp-json\/wp\/v2\/media\/980"}],"wp:attachment":[{"href":"http:\/\/valderdre.fr\/wrdp\/wp-json\/wp\/v2\/media?parent=31"}],"wp:term":[{"taxonomy":"category","embeddable":true,"href":"http:\/\/valderdre.fr\/wrdp\/wp-json\/wp\/v2\/categories?post=31"},{"taxonomy":"post_tag","embeddable":true,"href":"http:\/\/valderdre.fr\/wrdp\/wp-json\/wp\/v2\/tags?post=31"}],"curies":[{"name":"wp","href":"https:\/\/api.w.org\/{rel}","templated":true}]}}