{"id":240,"date":"2020-10-31T22:41:24","date_gmt":"2020-10-31T21:41:24","guid":{"rendered":"http:\/\/localhost\/?p=240"},"modified":"2021-04-07T23:12:53","modified_gmt":"2021-04-07T21:12:53","slug":"la-duchesse-anne","status":"publish","type":"post","link":"http:\/\/valderdre.fr\/wrdp\/la-duchesse-anne\/","title":{"rendered":"La Duchesse Anne"},"content":{"rendered":"<h5 class=\"titre \"><span style=\"color: #3366ff; font-size: 12pt;\">Canal de Nantes \u00e0 Brest. La p\u00e9niche de l\u2019office de tourisme de Pontivy fait escale dans 18 villes<\/span><\/h5>\n<p class=\"su-standfirst chapeau\" style=\"text-align: justify;\">Seul office de tourisme flottant de France, la p\u00e9niche Duchesse Anne va faire escale dans 18 villes, le long du canal de Nantes \u00e0 Brest, de Pontivy (Morbihan) \u00e0 Nantes (Loire-Atlantique), pour promouvoir la destination \u00ab C\u0153ur de Bretagne \u00bb, jusqu\u2019au dimanche 30 ao\u00fbt 2020.<\/p>\n<p><img loading=\"lazy\" decoding=\"async\" class=\"alignnone wp-image-969 size-full aligncenter\" src=\"http:\/\/localhost\/wp-content\/uploads\/canal_001.jpg\" alt=\"\" width=\"630\" height=\"417\" srcset=\"http:\/\/valderdre.fr\/wrdp\/wp-content\/uploads\/canal_001.jpg 630w, http:\/\/valderdre.fr\/wrdp\/wp-content\/uploads\/canal_001-300x199.jpg 300w, http:\/\/valderdre.fr\/wrdp\/wp-content\/uploads\/canal_001-200x132.jpg 200w, http:\/\/valderdre.fr\/wrdp\/wp-content\/uploads\/canal_001-24x16.jpg 24w, http:\/\/valderdre.fr\/wrdp\/wp-content\/uploads\/canal_001-36x24.jpg 36w, http:\/\/valderdre.fr\/wrdp\/wp-content\/uploads\/canal_001-48x32.jpg 48w\" sizes=\"auto, (max-width: 630px) 100vw, 630px\" \/><\/p>\n<p style=\"text-align: justify;\"><span style=\"color: #3366ff;\">Le seul office de tourisme flottant de France largue les amarres<\/span><a href=\"https:\/\/www.ouest-france.fr\/bretagne\/pontivy-56300\/pontivy-l-histoire-du-seul-office-de-tourisme-qui-navigue-en-france-6470160?utm_source=troove&amp;utm_medium=site\" target=\"_blank\" rel=\"noopener noreferrer\" shape=\"rect\">.<\/a>\u00a0La p\u00e9niche Duchesse Anne quitte le quai Ni\u00e9men, \u00e0\u00a0Pontivy\u00a0(Morbihan), ce lundi 10 ao\u00fbt 2020, pour rejoindre les chantiers navals de l\u2019Esclain, \u00e0 Nantes, pour un contr\u00f4le technique r\u00e9glementaire.\u00a0Mais l\u2019objectif est double, pour l\u2019office de tourisme de Pontivy communaut\u00e9,\u00a0qui profite de ce long p\u00e9riple le long du canal pour\u00a0<strong>\u00ab\u00a0cr\u00e9er l\u2019\u00e9v\u00e9nement\u00a0\u00bb<\/strong>\u00a0en allant\u00a0<strong>\u00ab\u00a0\u00e0 la rencontre des habitants et touristes pour promouvoir la destination \u00ab\u00a0c\u0153ur de Bretagne \u2013 Kalon Breizh\u00a0\u00bb\u00a0<\/strong>et<strong>\u00a0\u00ab\u00a0faire conna\u00eetre toujours un peu plus la Bretagne Imp\u00e9riale et ses richesses\u00a0\u00bb<\/strong>, pr\u00e9sente l\u2019organisme.<\/p>\n<h5 style=\"text-align: justify;\"><span style=\"color: #3366ff; font-size: 12pt;\">Escale dans 18 villes<\/span><\/h5>\n<p style=\"text-align: justify;\">Jusqu\u2019au 31\u00a0ao\u00fbt, date pr\u00e9vue d\u2019arriv\u00e9e \u00e0 Nantes, la p\u00e9niche fera escale dans 18 villes du Morbihan, d\u2019Ille-et-Vilaine et de Loire-Atlantique\u00a0: Pontivy, Saint-G\u00e9rand, Saint-Gonnery, Gueltas, Rohan, Pleugriffet, Josselin, Montertelot, Malestroit, Peilliac, Redon, Fegreac, Guenrou\u00ebt, Saint-Omer de Blain, Blain, Nort-sur-Erdre, Suc\u00e9-sur-Erdre et Nantes.<\/p>\n<p style=\"text-align: justify;\">\u00c0 chaque escale, des visites libres ou guid\u00e9es vont \u00eatre propos\u00e9es, limit\u00e9es \u00e0 neuf personnes \u00e0 bord,\u00a0<strong>\u00ab\u00a0sur la th\u00e9matique de la batellerie et du canal de Nantes \u00e0 Brest\u00a0\u00bb<\/strong>. Et trois temps fort, \u00e0 Rohan, avec une escale de cinq\u00a0jours, du mercredi\u00a012 au lundi 17\u00a0ao\u00fbt. Puis \u00e0 Redon, o\u00f9 la Duchesse Anne rejoindra 12 autres p\u00e9niches bretonnes, pour un rassemblement organis\u00e9 par l\u2019association des Ports de Redon, (APR), du vendredi\u00a021 au dimanche 23\u00a0ao\u00fbt.<\/p>\n<h5 style=\"text-align: justify;\"><span style=\"color: #3366ff; font-size: 12pt;\">Une sc\u00e8ne aux Rendez-vous de l\u2019Erdre<\/span><\/h5>\n<p style=\"text-align: justify;\">Enfin, jusqu\u2019\u00e0 Nantes, du lundi 24\u00a0ao\u00fbt au dimanche 30\u00a0ao\u00fbt, la p\u00e9niche est l\u2019invit\u00e9e des Rendez-vous de l\u2019Erdre. Un festival qui m\u00eale Jazz et belle plaisance, avec 200 bateaux, dans douze villes, le long de l\u2019Erdre et du canal de Nantes \u00e0 Brest. Le bateau pontivyen\u00a0<strong>\u00ab\u00a0devrait m\u00eame servir de sc\u00e8ne pour quelques concerts \u00e0 Nantes\u00a0\u00bb<\/strong>, d\u00e9voile la directrice de l\u2019office de tourisme, Gw\u00e9nola De Araujo.<\/p>\n<p style=\"text-align: justify;\">Lundi 31\u00a0ao\u00fbt, elle rejoindra le chantier naval, pour une longue r\u00e9vision. En tout, la p\u00e9niche quitte son port d\u2019attache pendant au moins deux mois, avant de revenir \u00e0 Pontivy.<\/p>\n<h5 style=\"text-align: justify;\"><span style=\"color: #3366ff; font-size: 12pt;\">L\u2019office de tourisme aux Bains-douches<\/span><\/h5>\n<p style=\"text-align: justify;\">Durant les deux prochains mois o\u00f9 la Duchesse Anne aura quitt\u00e9 Pontivy, l\u2019office de tourisme sera h\u00e9berg\u00e9 aux Bains-Douches, quai Presbourg,\u00a0<strong>\u00ab\u00a0jusqu\u2019\u00e0 d\u00e9but octobre\u00a0\u00bb,\u00a0<\/strong>pr\u00e9voit la directrice, Gw\u00e9nola de Araujo. Il sera accueilli par l\u2019Art dans les chapelles, qui y tient son accueil durant le festival. L\u2019office de tourisme sera ouvert aux horaires habituels. En ao\u00fbt, du lundi au samedi, de 9\u00a0h\u00a030 \u00e0 12\u00a0h\u00a030 et de 14\u00a0h \u00e0 17\u00a0h\u00a015, le dimanche de 9\u00a0h\u00a030 \u00e0 12\u00a0h. En septembre\u00a0: du lundi au samedi, de 9\u00a0h\u00a030 \u00e0 12\u00a0h et de 13\u00a0h\u00a030 \u00e0 17\u00a0h.<\/p>\n<h5 style=\"text-align: justify;\"><span style=\"color: #3366ff; font-size: 12pt;\"><strong>Lire aussi :\u00a0<\/strong>Les Debray, cinq g\u00e9n\u00e9rations \u00e0 la barre des p\u00e9niches de Bretagne.<\/span><\/h5>\n","protected":false},"excerpt":{"rendered":"<p>Canal de Nantes \u00e0 Brest. La p\u00e9niche de l\u2019office de tourisme de Pontivy fait escale dans 18 villes Seul office de tourisme flottant de France, la p\u00e9niche Duchesse Anne va faire escale dans 18 villes, le long du canal de Nantes \u00e0 Brest, de Pontivy (Morbihan) \u00e0 Nantes (Loire-Atlantique), pour promouvoir la destination \u00ab C\u0153ur de Bretagne \u00bb, jusqu\u2019au dimanche&#46;&#46;&#46;<\/p>\n","protected":false},"author":1,"featured_media":849,"comment_status":"open","ping_status":"open","sticky":false,"template":"","format":"standard","meta":{"footnotes":""},"categories":[5],"tags":[],"class_list":["post-240","post","type-post","status-publish","format-standard","has-post-thumbnail","hentry","category-le-canal"],"views":940,"_links":{"self":[{"href":"http:\/\/valderdre.fr\/wrdp\/wp-json\/wp\/v2\/posts\/240","targetHints":{"allow":["GET"]}}],"collection":[{"href":"http:\/\/valderdre.fr\/wrdp\/wp-json\/wp\/v2\/posts"}],"about":[{"href":"http:\/\/valderdre.fr\/wrdp\/wp-json\/wp\/v2\/types\/post"}],"author":[{"embeddable":true,"href":"http:\/\/valderdre.fr\/wrdp\/wp-json\/wp\/v2\/users\/1"}],"replies":[{"embeddable":true,"href":"http:\/\/valderdre.fr\/wrdp\/wp-json\/wp\/v2\/comments?post=240"}],"version-history":[{"count":15,"href":"http:\/\/valderdre.fr\/wrdp\/wp-json\/wp\/v2\/posts\/240\/revisions"}],"predecessor-version":[{"id":992,"href":"http:\/\/valderdre.fr\/wrdp\/wp-json\/wp\/v2\/posts\/240\/revisions\/992"}],"wp:featuredmedia":[{"embeddable":true,"href":"http:\/\/valderdre.fr\/wrdp\/wp-json\/wp\/v2\/media\/849"}],"wp:attachment":[{"href":"http:\/\/valderdre.fr\/wrdp\/wp-json\/wp\/v2\/media?parent=240"}],"wp:term":[{"taxonomy":"category","embeddable":true,"href":"http:\/\/valderdre.fr\/wrdp\/wp-json\/wp\/v2\/categories?post=240"},{"taxonomy":"post_tag","embeddable":true,"href":"http:\/\/valderdre.fr\/wrdp\/wp-json\/wp\/v2\/tags?post=240"}],"curies":[{"name":"wp","href":"https:\/\/api.w.org\/{rel}","templated":true}]}}