{"id":23,"date":"2020-10-11T22:19:07","date_gmt":"2020-10-11T20:19:07","guid":{"rendered":"http:\/\/localhost\/?p=23"},"modified":"2021-04-06T21:59:43","modified_gmt":"2021-04-06T19:59:43","slug":"le-canal-de-nantes-a-brest-est-il-le-paradis-des-cyclos","status":"publish","type":"post","link":"http:\/\/valderdre.fr\/wrdp\/le-canal-de-nantes-a-brest-est-il-le-paradis-des-cyclos\/","title":{"rendered":"Le canal de Nantes \u00e0 Brest est-il le paradis des cyclos ?"},"content":{"rendered":"<p style=\"text-align: justify;\">Le canal est un petit farceur. Aux cyclistes qui penseraient pouvoir le trouver \u00e0 la sortie du train \u00e0 Nantes ou Brest, il r\u00e9serve la petite surprise d\u2019\u00eatre praticable \u00e0 partir de Ch\u00e2teaulin, dans le Finist\u00e8re, et Nort-sur-Erdre, en Loire-Atlantique.<q style=\"outline: 0px; font-style: normal; font-weight: bold; box-sizing: border-box;\">\u00a0Entre Nantes et Nort-sur-Erdre il y a de la voie partag\u00e9e (v\u00e9lo\/voiture). Le lin\u00e9aire de halage ne se trouve que sur une certaine portion\u00a0<\/q>, pr\u00e9vient Thibault Lassus, charg\u00e9 de mission itin\u00e9rance et sports nature pour Destination Broc\u00e9liande.<\/p>\n<p><img loading=\"lazy\" decoding=\"async\" class=\"wp-image-977 aligncenter\" src=\"http:\/\/localhost\/wp-content\/uploads\/canal_velo-300x225.jpg\" alt=\"\" width=\"630\" height=\"473\" srcset=\"http:\/\/valderdre.fr\/wrdp\/wp-content\/uploads\/canal_velo-300x225.jpg 300w, http:\/\/valderdre.fr\/wrdp\/wp-content\/uploads\/canal_velo-200x150.jpg 200w, http:\/\/valderdre.fr\/wrdp\/wp-content\/uploads\/canal_velo-768x576.jpg 768w, http:\/\/valderdre.fr\/wrdp\/wp-content\/uploads\/canal_velo-24x18.jpg 24w, http:\/\/valderdre.fr\/wrdp\/wp-content\/uploads\/canal_velo-36x27.jpg 36w, http:\/\/valderdre.fr\/wrdp\/wp-content\/uploads\/canal_velo-48x36.jpg 48w, http:\/\/valderdre.fr\/wrdp\/wp-content\/uploads\/canal_velo.jpg 940w\" sizes=\"auto, (max-width: 630px) 100vw, 630px\" \/><\/p>\n<p style=\"text-align: justify;\">Combien de temps faut-il pr\u00e9voir\u00a0?<\/p>\n<p style=\"text-align: justify;\">Le canal de Nantes \u00e0 Brest, c\u2019est 364\u00a0km\u00a0! Le Morbihan abrite \u00e0 lui seul presque 200\u00a0km de chemin. Autant dire qu\u2019il faut pr\u00e9voir un peu de temps si vous comptez le longer avant la rentr\u00e9e. Selon Thibault Lassus,\u00a0<strong>\u00ab\u00a0un cycliste moyen peut entreprendre de faire 60\u00a0km par jour et en famille plut\u00f4t 35\u00a0km.\u00a0\u00bb<\/strong>\u00a0Sur 200\u00a0km, pr\u00e9voir entre quatre jours et une semaine en fonction.<\/p>\n<h2 style=\"text-align: justify;\">Le canal est-il cyclo-friendly\u00a0?<\/h2>\n<p style=\"text-align: justify;\">Entre\u00a02018 et\u00a02019, la fr\u00e9quentation du canal, pi\u00e9tons et cyclistes confondus, a augment\u00e9 de 16\u00a0%, selon les chiffres de la R\u00e9gion. De bons r\u00e9sultats qui confirment la n\u00e9cessit\u00e9 d\u2019am\u00e9liorer les dispositifs pour les cyclotouristes. Voire de les cr\u00e9er\u2026 Un travail de recensement est en cours pour<q style=\"outline: 0px; font-style: normal; font-weight: bold; box-sizing: border-box;\">\u00a0combler les trous de la raquette\u00a0<\/q>. Le tron\u00e7on Josselin \u2013 Pontivy, plus rural, n\u2019offrira pas autant de possibilit\u00e9s pour se d\u00e9salt\u00e9rer, manger ou dormir que sur la partie Redon \u2013 Josselin<q style=\"outline: 0px; font-style: normal; font-weight: bold; box-sizing: border-box;\">\u00a0globalement bien desservie\u00a0<\/q>.<\/p>\n<p style=\"text-align: justify;\">Il faudra attendre le printemps 2021 pour constater de nettes am\u00e9liorations car\u00a0<q style=\"outline: 0px; font-style: normal; font-weight: bold; box-sizing: border-box;\">\u00a0la R\u00e9gion pr\u00e9voit une dizaine de milliers d\u2019euros pour des aires de pique-nique, d\u2019am\u00e9nagement et de bornes de r\u00e9paration de v\u00e9lo\u00a0\u00bb.<\/q>\u00a0Sur ce dernier point, le site Francev\u00e9lotourisme indique un seul point dans le Morbihan\u2026 \u00e0 Pontivy.<\/p>\n<h2 style=\"text-align: justify;\">Voyager avec les enfants est-ce simple\u00a0?<\/h2>\n<p style=\"text-align: justify;\">Ancienne voie d\u2019eau pour le transport de bois, le canal est\u00a0<q style=\"outline: 0px; font-style: normal; font-weight: bold; box-sizing: border-box;\">\u00a0essentiellement plat et largement faisable en famille\u00a0<\/q>. Les \u00ab\u00a0cariguelles\u00a0\u00bb mises en place les ann\u00e9es pass\u00e9es et un temps disponibles dans les campings ont \u00e9t\u00e9 provisoirement arr\u00eat\u00e9es, le temps pour la R\u00e9gion, qui a repris le domaine, d\u2019en faire l\u2019inventaire.<\/p>\n<h2 style=\"text-align: justify;\">Peut-on se baigner ou faire du camping sauvage\u00a0?<\/h2>\n<p style=\"text-align: justify;\">La baignade est strictement interdite, tout comme le camping sauvage, le long du canal. La qualit\u00e9 de l\u2019eau et la pr\u00e9sence des bateaux ne sont pas propices \u00e0 la brasse. C\u00f4t\u00e9 logements, des g\u00eetes d\u2019\u00e9tapes prennent des r\u00e9servations \u00e0 la nuit\u00e9e, des campings se trouvent tout au long du canal et plus particuli\u00e8rement du c\u00f4t\u00e9 de Saint-Vincent-sur-Oust, Peillac, Guillac, Josselin Pontivy et Guerl\u00e9dan.<\/p>\n<p style=\"text-align: justify;\">Dans un style plus pittoresque, deux maisons \u00e9clusi\u00e8res ont \u00e9t\u00e9 transform\u00e9es en chambres d\u2019h\u00f4tes \u00e0 l\u2019\u00e9cluse du Guer \u00e0 Rohan et \u00e0 Pontivy, \u00e0 l\u2019\u00e9cluse de La Haie. Toutefois en cette p\u00e9riode charg\u00e9e, Thibault Lassus recommande de\u00a0<q style=\"outline: 0px; font-style: normal; font-weight: bold; box-sizing: border-box;\">\u00a0pr\u00e9parer au maximum les \u00e9tapes avec h\u00e9bergement. L\u2019itin\u00e9rance demande de pr\u00e9voir un plan B.\u00a0<\/q><\/p>\n<p style=\"text-align: justify;\">Renseignements\u00a0:<a href=\"https:\/\/www.francevelotourisme.com\/\" target=\"_blank\" rel=\"noopener noreferrer\">\u00a0https:\/\/www.francevelotourisme.com<\/a><\/p>\n","protected":false},"excerpt":{"rendered":"<p>Le canal est un petit farceur. Aux cyclistes qui penseraient pouvoir le trouver \u00e0 la sortie du train \u00e0 Nantes ou Brest, il r\u00e9serve la petite surprise d\u2019\u00eatre praticable \u00e0 partir de Ch\u00e2teaulin, dans le Finist\u00e8re, et Nort-sur-Erdre, en Loire-Atlantique.\u00a0Entre Nantes et Nort-sur-Erdre il y a de la voie partag\u00e9e (v\u00e9lo\/voiture). Le lin\u00e9aire de halage ne se trouve que sur&#46;&#46;&#46;<\/p>\n","protected":false},"author":1,"featured_media":977,"comment_status":"open","ping_status":"open","sticky":false,"template":"","format":"standard","meta":{"footnotes":""},"categories":[5],"tags":[],"class_list":["post-23","post","type-post","status-publish","format-standard","has-post-thumbnail","hentry","category-le-canal"],"views":1538,"_links":{"self":[{"href":"http:\/\/valderdre.fr\/wrdp\/wp-json\/wp\/v2\/posts\/23","targetHints":{"allow":["GET"]}}],"collection":[{"href":"http:\/\/valderdre.fr\/wrdp\/wp-json\/wp\/v2\/posts"}],"about":[{"href":"http:\/\/valderdre.fr\/wrdp\/wp-json\/wp\/v2\/types\/post"}],"author":[{"embeddable":true,"href":"http:\/\/valderdre.fr\/wrdp\/wp-json\/wp\/v2\/users\/1"}],"replies":[{"embeddable":true,"href":"http:\/\/valderdre.fr\/wrdp\/wp-json\/wp\/v2\/comments?post=23"}],"version-history":[{"count":5,"href":"http:\/\/valderdre.fr\/wrdp\/wp-json\/wp\/v2\/posts\/23\/revisions"}],"predecessor-version":[{"id":978,"href":"http:\/\/valderdre.fr\/wrdp\/wp-json\/wp\/v2\/posts\/23\/revisions\/978"}],"wp:featuredmedia":[{"embeddable":true,"href":"http:\/\/valderdre.fr\/wrdp\/wp-json\/wp\/v2\/media\/977"}],"wp:attachment":[{"href":"http:\/\/valderdre.fr\/wrdp\/wp-json\/wp\/v2\/media?parent=23"}],"wp:term":[{"taxonomy":"category","embeddable":true,"href":"http:\/\/valderdre.fr\/wrdp\/wp-json\/wp\/v2\/categories?post=23"},{"taxonomy":"post_tag","embeddable":true,"href":"http:\/\/valderdre.fr\/wrdp\/wp-json\/wp\/v2\/tags?post=23"}],"curies":[{"name":"wp","href":"https:\/\/api.w.org\/{rel}","templated":true}]}}