{"id":1783,"date":"2026-02-20T22:21:26","date_gmt":"2026-02-20T21:21:26","guid":{"rendered":"http:\/\/valderdre.fr\/wrdp\/?p=1783"},"modified":"2026-02-20T22:24:41","modified_gmt":"2026-02-20T21:24:41","slug":"erdre-innondations","status":"publish","type":"post","link":"http:\/\/valderdre.fr\/wrdp\/erdre-innondations\/","title":{"rendered":"ERDRE &#8211; INNONDATIONS"},"content":{"rendered":"<div><span style=\"font-size: 12pt;\"><img loading=\"lazy\" decoding=\"async\" class=\"size-medium wp-image-1787 alignleft\" src=\"http:\/\/valderdre.fr\/wrdp\/wp-content\/uploads\/IMG_20260220_165843-300x135.jpg\" alt=\"\" width=\"300\" height=\"135\" srcset=\"http:\/\/valderdre.fr\/wrdp\/wp-content\/uploads\/IMG_20260220_165843-300x135.jpg 300w, http:\/\/valderdre.fr\/wrdp\/wp-content\/uploads\/IMG_20260220_165843-1024x461.jpg 1024w, http:\/\/valderdre.fr\/wrdp\/wp-content\/uploads\/IMG_20260220_165843-200x90.jpg 200w, http:\/\/valderdre.fr\/wrdp\/wp-content\/uploads\/IMG_20260220_165843-768x346.jpg 768w, http:\/\/valderdre.fr\/wrdp\/wp-content\/uploads\/IMG_20260220_165843-1536x691.jpg 1536w, http:\/\/valderdre.fr\/wrdp\/wp-content\/uploads\/IMG_20260220_165843-2048x922.jpg 2048w, http:\/\/valderdre.fr\/wrdp\/wp-content\/uploads\/IMG_20260220_165843-24x11.jpg 24w, http:\/\/valderdre.fr\/wrdp\/wp-content\/uploads\/IMG_20260220_165843-36x16.jpg 36w, http:\/\/valderdre.fr\/wrdp\/wp-content\/uploads\/IMG_20260220_165843-48x22.jpg 48w\" sizes=\"auto, (max-width: 300px) 100vw, 300px\" \/>La navigation et les activit\u00e9s nautiques sont interdites sur l\u2019Erdre en crue. <\/span><span style=\"font-size: 12pt;\">La Loire-Atlantique est plac\u00e9e depuis plusieurs jours en vigilance orange pour crue notamment sur la Loire.<br \/>\n<\/span><br \/>\n<span style=\"font-family: arial, helvetica, sans-serif; font-size: 12pt;\">Depuis 16h30 ce mercredi 18 f\u00e9vrier, la navigation de plaisance, professionnelle et toutes les activit\u00e9s nautiques sont interdites entre Nort-sur-Erdre et l\u2019\u00e9cluse Saint-F\u00e9lix \u00e0 Nantes. Une d\u00e9cision prise en raison des conditions hydrologiques et m\u00e9t\u00e9orologiques.<\/p>\n<p><\/span><\/div>\n<p><strong>Le niveau de l\u2019Erdre monte, la Ville de Suc\u00e9-sur-Erdre prend actuellement des arr\u00eat\u00e9s pour la fermeture aux pi\u00e9tons de certains acc\u00e8s.<\/strong><\/p>\n<p><strong>Zones interdites et fermetures :\u00a0<\/strong><\/p>\n<ul>\n<li>Fermeture aux pi\u00e9tons des quais Bliesranbach, Cricklade, et des all\u00e9es V\u00e9tille et V\u00e9zon.<\/li>\n<li>Fermeture aux pi\u00e9tons de la Plage Verte, de la Gamoti\u00e8re et de la Baraudi\u00e8re.<\/li>\n<li>Bords de l\u2019Erdre : promenades interdites \u00e0 Mazerolles.<\/li>\n<li>Activit\u00e9s nautiques : navigation de plaisance et professionnelle, activit\u00e9s nautiques totalement interdites sur toute l\u2019Erdre.<\/li>\n<li>La Base Nautique de Mazerolles est ferm\u00e9e.<\/li>\n<li>Le March\u00e9 des terroirs du vendredi 20 f\u00e9vrier est annul\u00e9.<\/li>\n<li style=\"list-style-type: none;\"><\/li>\n<\/ul>\n<p>Merci de respecter les consignes suivantes\u00a0:<\/p>\n<ul>\n<li>Respecter les signal\u00e9tiques en place,<\/li>\n<li>Ne pas vous approcher des cours d\u2019eau qui d\u00e9bordent \u00e0 pied ou en v\u00e9hicule,<\/li>\n<li>Surveiller les <a href=\"https:\/\/meteofrance.com\/previsions-meteo-france\/suce-sur-erdre\/44240\" target=\"_blank\" rel=\"noopener\">bulletins m\u00e9t\u00e9o<\/a><\/li>\n<li style=\"list-style-type: none;\"><\/li>\n<\/ul>\n<p>La Ville dispose d\u00e9sormais d\u2019un plan communal de sauvegarde et d\u2019un document d\u2019information communal sur les risques majeurs.<\/p>\n<p>Vous pouvez consulter ce dernier <a href=\"https:\/\/suce-sur-erdre.fr\/cadre-de-vie\/mon-environnement\/gestion-des-risques\/\" target=\"_blank\" rel=\"noopener\">ICI <\/a>pour pr\u00e9venir ces risques<\/p>\n<table style=\"border-collapse: collapse; width: 100%;\">\n<tbody>\n<tr>\n<td style=\"width: 50%;\"><img loading=\"lazy\" decoding=\"async\" class=\"alignnone size-medium wp-image-1790 aligncenter\" src=\"http:\/\/valderdre.fr\/wrdp\/wp-content\/uploads\/IMG_20260220_170215-300x135.jpg\" alt=\"\" width=\"300\" height=\"135\" srcset=\"http:\/\/valderdre.fr\/wrdp\/wp-content\/uploads\/IMG_20260220_170215-300x135.jpg 300w, http:\/\/valderdre.fr\/wrdp\/wp-content\/uploads\/IMG_20260220_170215-1024x461.jpg 1024w, http:\/\/valderdre.fr\/wrdp\/wp-content\/uploads\/IMG_20260220_170215-200x90.jpg 200w, http:\/\/valderdre.fr\/wrdp\/wp-content\/uploads\/IMG_20260220_170215-768x346.jpg 768w, http:\/\/valderdre.fr\/wrdp\/wp-content\/uploads\/IMG_20260220_170215-1536x691.jpg 1536w, http:\/\/valderdre.fr\/wrdp\/wp-content\/uploads\/IMG_20260220_170215-2048x922.jpg 2048w, http:\/\/valderdre.fr\/wrdp\/wp-content\/uploads\/IMG_20260220_170215-24x11.jpg 24w, http:\/\/valderdre.fr\/wrdp\/wp-content\/uploads\/IMG_20260220_170215-36x16.jpg 36w, http:\/\/valderdre.fr\/wrdp\/wp-content\/uploads\/IMG_20260220_170215-48x22.jpg 48w\" sizes=\"auto, (max-width: 300px) 100vw, 300px\" \/><\/td>\n<td style=\"width: 50%;\"><img loading=\"lazy\" decoding=\"async\" class=\"alignnone size-medium wp-image-1789 aligncenter\" src=\"http:\/\/valderdre.fr\/wrdp\/wp-content\/uploads\/IMG_20260220_165829-300x135.jpg\" alt=\"\" width=\"300\" height=\"135\" srcset=\"http:\/\/valderdre.fr\/wrdp\/wp-content\/uploads\/IMG_20260220_165829-300x135.jpg 300w, http:\/\/valderdre.fr\/wrdp\/wp-content\/uploads\/IMG_20260220_165829-1024x461.jpg 1024w, http:\/\/valderdre.fr\/wrdp\/wp-content\/uploads\/IMG_20260220_165829-200x90.jpg 200w, http:\/\/valderdre.fr\/wrdp\/wp-content\/uploads\/IMG_20260220_165829-768x346.jpg 768w, http:\/\/valderdre.fr\/wrdp\/wp-content\/uploads\/IMG_20260220_165829-1536x691.jpg 1536w, http:\/\/valderdre.fr\/wrdp\/wp-content\/uploads\/IMG_20260220_165829-2048x922.jpg 2048w, http:\/\/valderdre.fr\/wrdp\/wp-content\/uploads\/IMG_20260220_165829-24x11.jpg 24w, http:\/\/valderdre.fr\/wrdp\/wp-content\/uploads\/IMG_20260220_165829-36x16.jpg 36w, http:\/\/valderdre.fr\/wrdp\/wp-content\/uploads\/IMG_20260220_165829-48x22.jpg 48w\" sizes=\"auto, (max-width: 300px) 100vw, 300px\" \/><\/td>\n<\/tr>\n<\/tbody>\n<\/table>\n<p><span style=\"font-size: 12pt;\">\u00a0<\/span><\/p>\n","protected":false},"excerpt":{"rendered":"<p>La navigation et les activit\u00e9s nautiques sont interdites sur l\u2019Erdre en crue. La Loire-Atlantique est plac\u00e9e depuis plusieurs jours en vigilance orange pour crue notamment sur la Loire. Depuis 16h30 ce mercredi 18 f\u00e9vrier, la navigation de plaisance, professionnelle et toutes les activit\u00e9s nautiques sont interdites entre Nort-sur-Erdre et l\u2019\u00e9cluse Saint-F\u00e9lix \u00e0 Nantes. Une d\u00e9cision prise en raison des conditions&#46;&#46;&#46;<\/p>\n","protected":false},"author":1,"featured_media":1789,"comment_status":"closed","ping_status":"closed","sticky":false,"template":"","format":"standard","meta":{"footnotes":""},"categories":[11],"tags":[],"class_list":["post-1783","post","type-post","status-publish","format-standard","has-post-thumbnail","hentry","category-lerdre"],"views":163,"_links":{"self":[{"href":"http:\/\/valderdre.fr\/wrdp\/wp-json\/wp\/v2\/posts\/1783","targetHints":{"allow":["GET"]}}],"collection":[{"href":"http:\/\/valderdre.fr\/wrdp\/wp-json\/wp\/v2\/posts"}],"about":[{"href":"http:\/\/valderdre.fr\/wrdp\/wp-json\/wp\/v2\/types\/post"}],"author":[{"embeddable":true,"href":"http:\/\/valderdre.fr\/wrdp\/wp-json\/wp\/v2\/users\/1"}],"replies":[{"embeddable":true,"href":"http:\/\/valderdre.fr\/wrdp\/wp-json\/wp\/v2\/comments?post=1783"}],"version-history":[{"count":7,"href":"http:\/\/valderdre.fr\/wrdp\/wp-json\/wp\/v2\/posts\/1783\/revisions"}],"predecessor-version":[{"id":1791,"href":"http:\/\/valderdre.fr\/wrdp\/wp-json\/wp\/v2\/posts\/1783\/revisions\/1791"}],"wp:featuredmedia":[{"embeddable":true,"href":"http:\/\/valderdre.fr\/wrdp\/wp-json\/wp\/v2\/media\/1789"}],"wp:attachment":[{"href":"http:\/\/valderdre.fr\/wrdp\/wp-json\/wp\/v2\/media?parent=1783"}],"wp:term":[{"taxonomy":"category","embeddable":true,"href":"http:\/\/valderdre.fr\/wrdp\/wp-json\/wp\/v2\/categories?post=1783"},{"taxonomy":"post_tag","embeddable":true,"href":"http:\/\/valderdre.fr\/wrdp\/wp-json\/wp\/v2\/tags?post=1783"}],"curies":[{"name":"wp","href":"https:\/\/api.w.org\/{rel}","templated":true}]}}