{"id":1773,"date":"2026-01-06T21:47:16","date_gmt":"2026-01-06T20:47:16","guid":{"rendered":"http:\/\/valderdre.fr\/wrdp\/?p=1773"},"modified":"2026-01-06T21:47:26","modified_gmt":"2026-01-06T20:47:26","slug":"suce-neige","status":"publish","type":"post","link":"http:\/\/valderdre.fr\/wrdp\/suce-neige\/","title":{"rendered":"Suc\u00e9\u2011sur\u2011Erdre sous la neige"},"content":{"rendered":"<p><strong><img loading=\"lazy\" decoding=\"async\" class=\"size-medium wp-image-1777 alignleft\" src=\"http:\/\/valderdre.fr\/wrdp\/wp-content\/uploads\/IMG_20260106_144117-135x300.jpg\" alt=\"\" width=\"135\" height=\"300\" srcset=\"http:\/\/valderdre.fr\/wrdp\/wp-content\/uploads\/IMG_20260106_144117-135x300.jpg 135w, http:\/\/valderdre.fr\/wrdp\/wp-content\/uploads\/IMG_20260106_144117-461x1024.jpg 461w, http:\/\/valderdre.fr\/wrdp\/wp-content\/uploads\/IMG_20260106_144117-90x200.jpg 90w, http:\/\/valderdre.fr\/wrdp\/wp-content\/uploads\/IMG_20260106_144117-768x1707.jpg 768w, http:\/\/valderdre.fr\/wrdp\/wp-content\/uploads\/IMG_20260106_144117-691x1536.jpg 691w, http:\/\/valderdre.fr\/wrdp\/wp-content\/uploads\/IMG_20260106_144117-922x2048.jpg 922w, http:\/\/valderdre.fr\/wrdp\/wp-content\/uploads\/IMG_20260106_144117-11x24.jpg 11w, http:\/\/valderdre.fr\/wrdp\/wp-content\/uploads\/IMG_20260106_144117-16x36.jpg 16w, http:\/\/valderdre.fr\/wrdp\/wp-content\/uploads\/IMG_20260106_144117-22x48.jpg 22w, http:\/\/valderdre.fr\/wrdp\/wp-content\/uploads\/IMG_20260106_144117-scaled.jpg 1152w\" sizes=\"auto, (max-width: 135px) 100vw, 135px\" \/>Suc\u00e9\u2011sur\u2011Erdre sous la neige : la commune se r\u00e9veille sous un manteau blanc<\/strong><\/p>\n<p><strong>Suc\u00e9\u2011sur\u2011Erdre (Loire\u2011Atlantique)<\/strong> \u2014 Un \u00e9pisode neigeux rare a transform\u00e9 ce matin la commune de Suc\u00e9\u2011sur\u2011Erdre en v\u00e9ritable paysage hivernal. D\u00e8s l\u2019aube, plusieurs centim\u00e8tres de neige recouvraient les toits, les quais et les chemins bordant l\u2019Erdre, offrant aux habitants un d\u00e9cor inhabituel dans cette partie du d\u00e9partement.<\/p>\n<p><strong>Une m\u00e9t\u00e9o exceptionnelle pour la r\u00e9gion<\/strong><\/p>\n<p>Selon les services m\u00e9t\u00e9orologiques, cette chute de neige, annonc\u00e9e la veille, reste exceptionnelle par son intensit\u00e9. Les temp\u00e9ratures n\u00e9gatives enregistr\u00e9es dans la nuit ont permis \u00e0 la neige de tenir au sol, provoquant un r\u00e9veil surprenant pour de nombreux habitants.<\/p>\n<p>\u00ab On n\u2019avait pas vu \u00e7a depuis plusieurs ann\u00e9es \u00bb, confie une riveraine venue photographier les p\u00e9niches immobiles sur l\u2019Erdre. \u00ab Le paysage est m\u00e9connaissable, c\u2019est magnifique. \u00bb<\/p>\n<p><strong>Circulation ralentie mais situation ma\u00eetris\u00e9e<\/strong><\/p>\n<p>Si la neige a offert un spectacle appr\u00e9ci\u00e9, elle a \u00e9galement perturb\u00e9 la circulation dans le centre-bourg et sur les axes menant \u00e0 Nantes. Les services municipaux ont rapidement d\u00e9ploy\u00e9 des \u00e9quipes pour s\u00e9curiser les trottoirs et les zones les plus fr\u00e9quent\u00e9es.<\/p>\n<p>Aucun incident majeur n\u2019a \u00e9t\u00e9 signal\u00e9 dans la matin\u00e9e, mais la prudence reste de mise. Les transports scolaires ont circul\u00e9 avec quelques retards, et plusieurs commer\u00e7ants ont ouvert plus tard que d\u2019habitude.<\/p>\n<p><strong><img loading=\"lazy\" decoding=\"async\" class=\"size-medium wp-image-1780 alignleft\" src=\"http:\/\/valderdre.fr\/wrdp\/wp-content\/uploads\/IMG_20260106_151146-300x135.jpg\" alt=\"\" width=\"300\" height=\"135\" srcset=\"http:\/\/valderdre.fr\/wrdp\/wp-content\/uploads\/IMG_20260106_151146-300x135.jpg 300w, http:\/\/valderdre.fr\/wrdp\/wp-content\/uploads\/IMG_20260106_151146-1024x461.jpg 1024w, http:\/\/valderdre.fr\/wrdp\/wp-content\/uploads\/IMG_20260106_151146-200x90.jpg 200w, http:\/\/valderdre.fr\/wrdp\/wp-content\/uploads\/IMG_20260106_151146-768x346.jpg 768w, http:\/\/valderdre.fr\/wrdp\/wp-content\/uploads\/IMG_20260106_151146-1536x691.jpg 1536w, http:\/\/valderdre.fr\/wrdp\/wp-content\/uploads\/IMG_20260106_151146-2048x922.jpg 2048w, http:\/\/valderdre.fr\/wrdp\/wp-content\/uploads\/IMG_20260106_151146-24x11.jpg 24w, http:\/\/valderdre.fr\/wrdp\/wp-content\/uploads\/IMG_20260106_151146-36x16.jpg 36w, http:\/\/valderdre.fr\/wrdp\/wp-content\/uploads\/IMG_20260106_151146-48x22.jpg 48w\" sizes=\"auto, (max-width: 300px) 100vw, 300px\" \/><\/strong><\/p>\n<p>&nbsp;<\/p>\n<p><strong>Habitants et familles profitent de la parenth\u00e8se hivernale<\/strong><\/p>\n<p>Malgr\u00e9 les contraintes, l\u2019ambiance \u00e9tait \u00e0 la bonne humeur sur les quais et dans les parcs. De nombreuses familles se sont retrouv\u00e9es au parc de la M\u00e9velli\u00e8re pour profiter de la neige fra\u00eeche. Batailles de boules de neige, bonhommes improvis\u00e9s et glissades sur les pentes ont rythm\u00e9 la matin\u00e9e.<\/p>\n","protected":false},"excerpt":{"rendered":"<p>Suc\u00e9\u2011sur\u2011Erdre sous la neige : la commune se r\u00e9veille sous un manteau blanc Suc\u00e9\u2011sur\u2011Erdre (Loire\u2011Atlantique) \u2014 Un \u00e9pisode neigeux rare a transform\u00e9 ce matin la commune de Suc\u00e9\u2011sur\u2011Erdre en v\u00e9ritable paysage hivernal. D\u00e8s l\u2019aube, plusieurs centim\u00e8tres de neige recouvraient les toits, les quais et les chemins bordant l\u2019Erdre, offrant aux habitants un d\u00e9cor inhabituel dans cette partie du d\u00e9partement. Une&#46;&#46;&#46;<\/p>\n","protected":false},"author":1,"featured_media":1775,"comment_status":"closed","ping_status":"closed","sticky":false,"template":"","format":"standard","meta":{"footnotes":""},"categories":[2],"tags":[],"class_list":["post-1773","post","type-post","status-publish","format-standard","has-post-thumbnail","hentry","category-suce-sur-erdre"],"views":287,"_links":{"self":[{"href":"http:\/\/valderdre.fr\/wrdp\/wp-json\/wp\/v2\/posts\/1773","targetHints":{"allow":["GET"]}}],"collection":[{"href":"http:\/\/valderdre.fr\/wrdp\/wp-json\/wp\/v2\/posts"}],"about":[{"href":"http:\/\/valderdre.fr\/wrdp\/wp-json\/wp\/v2\/types\/post"}],"author":[{"embeddable":true,"href":"http:\/\/valderdre.fr\/wrdp\/wp-json\/wp\/v2\/users\/1"}],"replies":[{"embeddable":true,"href":"http:\/\/valderdre.fr\/wrdp\/wp-json\/wp\/v2\/comments?post=1773"}],"version-history":[{"count":4,"href":"http:\/\/valderdre.fr\/wrdp\/wp-json\/wp\/v2\/posts\/1773\/revisions"}],"predecessor-version":[{"id":1781,"href":"http:\/\/valderdre.fr\/wrdp\/wp-json\/wp\/v2\/posts\/1773\/revisions\/1781"}],"wp:featuredmedia":[{"embeddable":true,"href":"http:\/\/valderdre.fr\/wrdp\/wp-json\/wp\/v2\/media\/1775"}],"wp:attachment":[{"href":"http:\/\/valderdre.fr\/wrdp\/wp-json\/wp\/v2\/media?parent=1773"}],"wp:term":[{"taxonomy":"category","embeddable":true,"href":"http:\/\/valderdre.fr\/wrdp\/wp-json\/wp\/v2\/categories?post=1773"},{"taxonomy":"post_tag","embeddable":true,"href":"http:\/\/valderdre.fr\/wrdp\/wp-json\/wp\/v2\/tags?post=1773"}],"curies":[{"name":"wp","href":"https:\/\/api.w.org\/{rel}","templated":true}]}}