{"id":1765,"date":"2025-10-28T22:03:02","date_gmt":"2025-10-28T21:03:02","guid":{"rendered":"http:\/\/valderdre.fr\/wrdp\/?p=1765"},"modified":"2025-10-28T22:12:44","modified_gmt":"2025-10-28T21:12:44","slug":"fermeture-du-canal","status":"publish","type":"post","link":"http:\/\/valderdre.fr\/wrdp\/fermeture-du-canal\/","title":{"rendered":"Fermeture du Canal"},"content":{"rendered":"<p><strong><img loading=\"lazy\" decoding=\"async\" class=\" wp-image-1695 alignleft\" src=\"http:\/\/valderdre.fr\/wrdp\/wp-content\/uploads\/DSCF0172-300x225.jpg\" alt=\"\" width=\"264\" height=\"198\" srcset=\"http:\/\/valderdre.fr\/wrdp\/wp-content\/uploads\/DSCF0172-300x225.jpg 300w, http:\/\/valderdre.fr\/wrdp\/wp-content\/uploads\/DSCF0172-1024x768.jpg 1024w, http:\/\/valderdre.fr\/wrdp\/wp-content\/uploads\/DSCF0172-200x150.jpg 200w, http:\/\/valderdre.fr\/wrdp\/wp-content\/uploads\/DSCF0172-768x576.jpg 768w, http:\/\/valderdre.fr\/wrdp\/wp-content\/uploads\/DSCF0172-1536x1152.jpg 1536w, http:\/\/valderdre.fr\/wrdp\/wp-content\/uploads\/DSCF0172-2048x1536.jpg 2048w, http:\/\/valderdre.fr\/wrdp\/wp-content\/uploads\/DSCF0172-24x18.jpg 24w, http:\/\/valderdre.fr\/wrdp\/wp-content\/uploads\/DSCF0172-36x27.jpg 36w, http:\/\/valderdre.fr\/wrdp\/wp-content\/uploads\/DSCF0172-48x36.jpg 48w\" sizes=\"auto, (max-width: 264px) 100vw, 264px\" \/>Le canal de Nantes \u00e0 Brest est ferm\u00e9 \u00e0 la navigation depuis le 26 octobre 2025 \u00e0 18h30 et rouvrira le 3 avril 2026.<\/strong><\/p>\n<p><strong>\ud83d\uded1 Fermeture annuelle de la navigation<\/strong><\/p>\n<ul>\n<li><strong>Date de fermeture :<\/strong> dimanche 26 octobre 2025 \u00e0 18h30<\/li>\n<li><strong>Date de r\u00e9ouverture pr\u00e9vue :<\/strong> vendredi 3 avril 2026<\/li>\n<li><strong>Motif :<\/strong> p\u00e9riode de ch\u00f4mage hivernal pour permettre des <strong>travaux d\u2019entretien<\/strong> sur le canal, les \u00e9cluses et les chemins de halage<\/li>\n<\/ul>\n<p><strong>\u2699\ufe0f Fermeture du service aux \u00e9cluses<\/strong><\/p>\n<ul>\n<li><strong>\u00c9cluses concern\u00e9es :<\/strong> de la n\u00b018 \u00e0 la n\u00b0107 et de la n\u00b0192 \u00e0 la n\u00b0236<\/li>\n<li><strong>Service suspendu :<\/strong> aucun passage possible sauf demande exceptionnelle avec pr\u00e9avis de 72h et conditions hydrauliques favorables<\/li>\n<li><strong>Navigation interdite en p\u00e9riode de crue<\/strong>, notamment d\u00e8s vigilance jaune sur Vigicrues.gouv.fr<\/li>\n<\/ul>\n<p><strong><img loading=\"lazy\" decoding=\"async\" class=\"size-medium wp-image-1691 alignleft\" src=\"http:\/\/valderdre.fr\/wrdp\/wp-content\/uploads\/IMG_20220529_155811-300x135.jpg\" alt=\"\" width=\"300\" height=\"135\" srcset=\"http:\/\/valderdre.fr\/wrdp\/wp-content\/uploads\/IMG_20220529_155811-300x135.jpg 300w, http:\/\/valderdre.fr\/wrdp\/wp-content\/uploads\/IMG_20220529_155811-1024x461.jpg 1024w, http:\/\/valderdre.fr\/wrdp\/wp-content\/uploads\/IMG_20220529_155811-200x90.jpg 200w, http:\/\/valderdre.fr\/wrdp\/wp-content\/uploads\/IMG_20220529_155811-768x346.jpg 768w, http:\/\/valderdre.fr\/wrdp\/wp-content\/uploads\/IMG_20220529_155811-1536x691.jpg 1536w, http:\/\/valderdre.fr\/wrdp\/wp-content\/uploads\/IMG_20220529_155811-2048x922.jpg 2048w, http:\/\/valderdre.fr\/wrdp\/wp-content\/uploads\/IMG_20220529_155811-24x11.jpg 24w, http:\/\/valderdre.fr\/wrdp\/wp-content\/uploads\/IMG_20220529_155811-36x16.jpg 36w, http:\/\/valderdre.fr\/wrdp\/wp-content\/uploads\/IMG_20220529_155811-48x22.jpg 48w\" sizes=\"auto, (max-width: 300px) 100vw, 300px\" \/> Sentiers et activit\u00e9s<\/strong><\/p>\n<ul>\n<li>Les <strong>chemins de halage restent accessibles<\/strong> aux marcheurs et cyclistes pendant la fermeture<\/li>\n<li>La navigation est <strong>fortement d\u00e9conseill\u00e9e<\/strong> dans les biefs rest\u00e9s en eau, sauf autorisation sp\u00e9cifique<\/li>\n<\/ul>\n<p><strong>\ud83d\udccd Gestion locale<\/strong><\/p>\n<ul>\n<li>En Loire-Atlantique, le canal s\u2019\u00e9tend sur <strong>95 km entre Nantes et Saint-Nicolas-de-Redon<\/strong>, en passant par l\u2019Erdre<\/li>\n<li>Cette section est g\u00e9r\u00e9e par le <strong>D\u00e9partement<\/strong>, qui supervise les 18 \u00e9cluses locales<\/li>\n<\/ul>\n","protected":false},"excerpt":{"rendered":"<p>Le canal de Nantes \u00e0 Brest est ferm\u00e9 \u00e0 la navigation depuis le 26 octobre 2025 \u00e0 18h30 et rouvrira le 3 avril 2026. \ud83d\uded1 Fermeture annuelle de la navigation Date de fermeture : dimanche 26 octobre 2025 \u00e0 18h30 Date de r\u00e9ouverture pr\u00e9vue : vendredi 3 avril 2026 Motif : p\u00e9riode de ch\u00f4mage hivernal pour permettre des travaux d\u2019entretien&#46;&#46;&#46;<\/p>\n","protected":false},"author":1,"featured_media":1619,"comment_status":"closed","ping_status":"closed","sticky":false,"template":"","format":"standard","meta":{"footnotes":""},"categories":[5],"tags":[],"class_list":["post-1765","post","type-post","status-publish","format-standard","has-post-thumbnail","hentry","category-le-canal"],"views":380,"_links":{"self":[{"href":"http:\/\/valderdre.fr\/wrdp\/wp-json\/wp\/v2\/posts\/1765","targetHints":{"allow":["GET"]}}],"collection":[{"href":"http:\/\/valderdre.fr\/wrdp\/wp-json\/wp\/v2\/posts"}],"about":[{"href":"http:\/\/valderdre.fr\/wrdp\/wp-json\/wp\/v2\/types\/post"}],"author":[{"embeddable":true,"href":"http:\/\/valderdre.fr\/wrdp\/wp-json\/wp\/v2\/users\/1"}],"replies":[{"embeddable":true,"href":"http:\/\/valderdre.fr\/wrdp\/wp-json\/wp\/v2\/comments?post=1765"}],"version-history":[{"count":6,"href":"http:\/\/valderdre.fr\/wrdp\/wp-json\/wp\/v2\/posts\/1765\/revisions"}],"predecessor-version":[{"id":1776,"href":"http:\/\/valderdre.fr\/wrdp\/wp-json\/wp\/v2\/posts\/1765\/revisions\/1776"}],"wp:featuredmedia":[{"embeddable":true,"href":"http:\/\/valderdre.fr\/wrdp\/wp-json\/wp\/v2\/media\/1619"}],"wp:attachment":[{"href":"http:\/\/valderdre.fr\/wrdp\/wp-json\/wp\/v2\/media?parent=1765"}],"wp:term":[{"taxonomy":"category","embeddable":true,"href":"http:\/\/valderdre.fr\/wrdp\/wp-json\/wp\/v2\/categories?post=1765"},{"taxonomy":"post_tag","embeddable":true,"href":"http:\/\/valderdre.fr\/wrdp\/wp-json\/wp\/v2\/tags?post=1765"}],"curies":[{"name":"wp","href":"https:\/\/api.w.org\/{rel}","templated":true}]}}