{"id":1755,"date":"2025-08-14T23:17:17","date_gmt":"2025-08-14T21:17:17","guid":{"rendered":"http:\/\/valderdre.fr\/wrdp\/?p=1755"},"modified":"2025-08-14T23:18:22","modified_gmt":"2025-08-14T21:18:22","slug":"canal_2508","status":"publish","type":"post","link":"http:\/\/valderdre.fr\/wrdp\/canal_2508\/","title":{"rendered":"Le Canal de Nantes \u00e0 Brest"},"content":{"rendered":"<p><strong><img loading=\"lazy\" decoding=\"async\" class=\"size-medium wp-image-1758 alignleft\" src=\"http:\/\/valderdre.fr\/wrdp\/wp-content\/uploads\/1755204708152-300x147.jpg\" alt=\"\" width=\"300\" height=\"147\" srcset=\"http:\/\/valderdre.fr\/wrdp\/wp-content\/uploads\/1755204708152-300x147.jpg 300w, http:\/\/valderdre.fr\/wrdp\/wp-content\/uploads\/1755204708152-200x98.jpg 200w, http:\/\/valderdre.fr\/wrdp\/wp-content\/uploads\/1755204708152-768x377.jpg 768w, http:\/\/valderdre.fr\/wrdp\/wp-content\/uploads\/1755204708152-24x12.jpg 24w, http:\/\/valderdre.fr\/wrdp\/wp-content\/uploads\/1755204708152-36x18.jpg 36w, http:\/\/valderdre.fr\/wrdp\/wp-content\/uploads\/1755204708152-48x24.jpg 48w, http:\/\/valderdre.fr\/wrdp\/wp-content\/uploads\/1755204708152.jpg 917w\" sizes=\"auto, (max-width: 300px) 100vw, 300px\" \/>Dysfonctionnement:<\/strong><br \/>\nSuite au dysfonctionnement d\u2019un capteur du niveau d\u2019eau, la navigation sur le Canal de Nantes \u00e0 Brest a \u00e9t\u00e9 interrompue dans les deux sens entre l\u2019\u00e9cluse du Gu\u00e9 de l\u2019Atelier , \u00e0 la Chevalleraie, et l\u2019\u00e9cluse de Quiheix.<\/p>\n<p>Le niveau d\u2019eau dans les biefs (portions de canal situ\u00e9es entre deux \u00e9cluses) est g\u00e9r\u00e9 automatiquement.<\/p>\n<p>Les vannes ont \u00e9t\u00e9 ouvertes \u00e0 tort suite au dysfonctionnement d\u2019un capteur qui indiquait un niveau d\u2019eau trop \u00e9lev\u00e9 dans les biefs.<\/p>\n<p>Apr\u00e8s l\u2019intervention des \u00e9quipes techniques, cette portion du Canal \u00e0 retrouv\u00e9e un niveau d\u2019eau satisfaisant, autorisant la navigation depuis lundi 09h00.<\/p>\n<table style=\"border-collapse: collapse; width: 100%;\">\n<tbody>\n<tr>\n<td style=\"width: 50%;\"><img loading=\"lazy\" decoding=\"async\" class=\"alignnone size-medium wp-image-1694 aligncenter\" src=\"http:\/\/valderdre.fr\/wrdp\/wp-content\/uploads\/DSCF0174-1-300x225.jpg\" alt=\"\" width=\"300\" height=\"225\" srcset=\"http:\/\/valderdre.fr\/wrdp\/wp-content\/uploads\/DSCF0174-1-300x225.jpg 300w, http:\/\/valderdre.fr\/wrdp\/wp-content\/uploads\/DSCF0174-1-1024x768.jpg 1024w, http:\/\/valderdre.fr\/wrdp\/wp-content\/uploads\/DSCF0174-1-200x150.jpg 200w, http:\/\/valderdre.fr\/wrdp\/wp-content\/uploads\/DSCF0174-1-768x576.jpg 768w, http:\/\/valderdre.fr\/wrdp\/wp-content\/uploads\/DSCF0174-1-1536x1152.jpg 1536w, http:\/\/valderdre.fr\/wrdp\/wp-content\/uploads\/DSCF0174-1-2048x1536.jpg 2048w, http:\/\/valderdre.fr\/wrdp\/wp-content\/uploads\/DSCF0174-1-24x18.jpg 24w, http:\/\/valderdre.fr\/wrdp\/wp-content\/uploads\/DSCF0174-1-36x27.jpg 36w, http:\/\/valderdre.fr\/wrdp\/wp-content\/uploads\/DSCF0174-1-48x36.jpg 48w\" sizes=\"auto, (max-width: 300px) 100vw, 300px\" \/><\/td>\n<td style=\"width: 50%;\"><img loading=\"lazy\" decoding=\"async\" class=\"alignnone size-medium wp-image-1696 aligncenter\" src=\"http:\/\/valderdre.fr\/wrdp\/wp-content\/uploads\/DSCF0173-300x225.jpg\" alt=\"\" width=\"300\" height=\"225\" srcset=\"http:\/\/valderdre.fr\/wrdp\/wp-content\/uploads\/DSCF0173-300x225.jpg 300w, http:\/\/valderdre.fr\/wrdp\/wp-content\/uploads\/DSCF0173-1024x768.jpg 1024w, http:\/\/valderdre.fr\/wrdp\/wp-content\/uploads\/DSCF0173-200x150.jpg 200w, http:\/\/valderdre.fr\/wrdp\/wp-content\/uploads\/DSCF0173-768x576.jpg 768w, http:\/\/valderdre.fr\/wrdp\/wp-content\/uploads\/DSCF0173-1536x1152.jpg 1536w, http:\/\/valderdre.fr\/wrdp\/wp-content\/uploads\/DSCF0173-2048x1536.jpg 2048w, http:\/\/valderdre.fr\/wrdp\/wp-content\/uploads\/DSCF0173-24x18.jpg 24w, http:\/\/valderdre.fr\/wrdp\/wp-content\/uploads\/DSCF0173-36x27.jpg 36w, http:\/\/valderdre.fr\/wrdp\/wp-content\/uploads\/DSCF0173-48x36.jpg 48w\" sizes=\"auto, (max-width: 300px) 100vw, 300px\" \/><\/td>\n<\/tr>\n<\/tbody>\n<\/table>\n","protected":false},"excerpt":{"rendered":"<p>Dysfonctionnement: Suite au dysfonctionnement d\u2019un capteur du niveau d\u2019eau, la navigation sur le Canal de Nantes \u00e0 Brest a \u00e9t\u00e9 interrompue dans les deux sens entre l\u2019\u00e9cluse du Gu\u00e9 de l\u2019Atelier , \u00e0 la Chevalleraie, et l\u2019\u00e9cluse de Quiheix. Le niveau d\u2019eau dans les biefs (portions de canal situ\u00e9es entre deux \u00e9cluses) est g\u00e9r\u00e9 automatiquement. Les vannes ont \u00e9t\u00e9 ouvertes&#46;&#46;&#46;<\/p>\n","protected":false},"author":1,"featured_media":1695,"comment_status":"closed","ping_status":"closed","sticky":false,"template":"","format":"standard","meta":{"footnotes":""},"categories":[5],"tags":[],"class_list":["post-1755","post","type-post","status-publish","format-standard","has-post-thumbnail","hentry","category-le-canal"],"views":508,"_links":{"self":[{"href":"http:\/\/valderdre.fr\/wrdp\/wp-json\/wp\/v2\/posts\/1755","targetHints":{"allow":["GET"]}}],"collection":[{"href":"http:\/\/valderdre.fr\/wrdp\/wp-json\/wp\/v2\/posts"}],"about":[{"href":"http:\/\/valderdre.fr\/wrdp\/wp-json\/wp\/v2\/types\/post"}],"author":[{"embeddable":true,"href":"http:\/\/valderdre.fr\/wrdp\/wp-json\/wp\/v2\/users\/1"}],"replies":[{"embeddable":true,"href":"http:\/\/valderdre.fr\/wrdp\/wp-json\/wp\/v2\/comments?post=1755"}],"version-history":[{"count":6,"href":"http:\/\/valderdre.fr\/wrdp\/wp-json\/wp\/v2\/posts\/1755\/revisions"}],"predecessor-version":[{"id":1763,"href":"http:\/\/valderdre.fr\/wrdp\/wp-json\/wp\/v2\/posts\/1755\/revisions\/1763"}],"wp:featuredmedia":[{"embeddable":true,"href":"http:\/\/valderdre.fr\/wrdp\/wp-json\/wp\/v2\/media\/1695"}],"wp:attachment":[{"href":"http:\/\/valderdre.fr\/wrdp\/wp-json\/wp\/v2\/media?parent=1755"}],"wp:term":[{"taxonomy":"category","embeddable":true,"href":"http:\/\/valderdre.fr\/wrdp\/wp-json\/wp\/v2\/categories?post=1755"},{"taxonomy":"post_tag","embeddable":true,"href":"http:\/\/valderdre.fr\/wrdp\/wp-json\/wp\/v2\/tags?post=1755"}],"curies":[{"name":"wp","href":"https:\/\/api.w.org\/{rel}","templated":true}]}}