{"id":1721,"date":"2025-01-13T18:12:41","date_gmt":"2025-01-13T17:12:41","guid":{"rendered":"http:\/\/valderdre.fr\/wrdp\/?p=1721"},"modified":"2025-01-13T18:12:47","modified_gmt":"2025-01-13T17:12:47","slug":"le-manoir-claudine","status":"publish","type":"post","link":"http:\/\/valderdre.fr\/wrdp\/le-manoir-claudine\/","title":{"rendered":"Le Manoir Claudine"},"content":{"rendered":"<p><span style=\"color: #0000ff;\"><strong><img loading=\"lazy\" decoding=\"async\" class=\"wp-image-1725 size-medium alignleft\" src=\"http:\/\/valderdre.fr\/wrdp\/wp-content\/uploads\/IMG_20250112_154942-300x135.jpg\" alt=\"\" width=\"300\" height=\"135\" srcset=\"http:\/\/valderdre.fr\/wrdp\/wp-content\/uploads\/IMG_20250112_154942-300x135.jpg 300w, http:\/\/valderdre.fr\/wrdp\/wp-content\/uploads\/IMG_20250112_154942-1024x461.jpg 1024w, http:\/\/valderdre.fr\/wrdp\/wp-content\/uploads\/IMG_20250112_154942-200x90.jpg 200w, http:\/\/valderdre.fr\/wrdp\/wp-content\/uploads\/IMG_20250112_154942-768x346.jpg 768w, http:\/\/valderdre.fr\/wrdp\/wp-content\/uploads\/IMG_20250112_154942-1536x691.jpg 1536w, http:\/\/valderdre.fr\/wrdp\/wp-content\/uploads\/IMG_20250112_154942-2048x922.jpg 2048w, http:\/\/valderdre.fr\/wrdp\/wp-content\/uploads\/IMG_20250112_154942-24x11.jpg 24w, http:\/\/valderdre.fr\/wrdp\/wp-content\/uploads\/IMG_20250112_154942-36x16.jpg 36w, http:\/\/valderdre.fr\/wrdp\/wp-content\/uploads\/IMG_20250112_154942-48x22.jpg 48w\" sizes=\"auto, (max-width: 300px) 100vw, 300px\" \/>Historique:<\/strong><\/span><\/p>\n<p>Le <strong>Manoir Claudine<\/strong>, \u00e9galement connu sous le nom de <strong>La Ch\u00e2taigneraie<\/strong>, est un patrimoine historique de Suc\u00e9-sur-Erdre. Construit en <strong>1860<\/strong>, ce manoir a travers\u00e9 les si\u00e8cles en pr\u00e9servant son charme et son \u00e9l\u00e9gance. \u00c0 l&rsquo;origine, il \u00e9tait une demeure de campagne pour une famille noble, offrant un refuge tranquille loin de l&rsquo;agitation urbaine. Au fil du temps, il a vu d\u00e9filer plusieurs propri\u00e9taires avant de tomber en d\u00e9su\u00e9tude, jusqu&rsquo;\u00e0 sa r\u00e9cente renaissance sous l&rsquo;\u00e9gide de Mathieu P\u00e9rou et Vincent Guerlais.<\/p>\n<p><span style=\"color: #0000ff;\"><strong>Le Manoir Aujourd&rsquo;hui<\/strong><\/span><\/p>\n<p>Aujourd&rsquo;hui, le Manoir Claudine a \u00e9t\u00e9 <strong>magnifiquement restaur\u00e9<\/strong> pour devenir un lieu de rencontre culinaire et culturel. Entour\u00e9 d&rsquo;un <strong>parc arbor\u00e9 de 2 hectares<\/strong> avec une vue imprenable sur l&rsquo;Erdre, le manoir propose une atmosph\u00e8re paisible et apaisante. Les int\u00e9rieurs allient <strong>\u00e9l\u00e9gance et confort<\/strong>, offrant un environnement chaleureux et accueillant pour tous les visiteurs.<\/p>\n<p><span style=\"color: #0000ff;\"><strong>Exp\u00e9rience Culinaires<\/strong><\/span><\/p>\n<p>Sous la direction du chef \u00e9toil\u00e9 <strong>Mathieu P\u00e9rou<\/strong> et du chocolatier de renom <strong>Vincent Guerlais<\/strong>, le manoir offre une <strong>exp\u00e9rience gastronomique exceptionnelle<\/strong>. Que ce soit pour un <strong>d\u00e9jeuner gastronomique<\/strong>, un <strong>brunch convivial<\/strong>, ou un <strong>salon de th\u00e9 raffin\u00e9<\/strong>, chaque plat est soigneusement pr\u00e9par\u00e9 avec des <strong>ingr\u00e9dients frais et locaux<\/strong>. Les cr\u00e9ations culinaires sont une symbiose parfaite de <strong>tradition et d&rsquo;innovation<\/strong>, visant \u00e0 ravir tous les palais.<\/p>\n<p><span style=\"color: #0000ff;\"><strong>Activit\u00e9s et \u00c9v\u00e9nements<\/strong><\/span><\/p>\n<p>En plus de ses d\u00e9lices culinaires, le Manoir Claudine accueille \u00e9galement des <strong>\u00e9v\u00e9nements sp\u00e9ciaux<\/strong> et des <strong>ateliers gourmands<\/strong>. Ces \u00e9v\u00e9nements offrent aux visiteurs l&rsquo;opportunit\u00e9 de d\u00e9couvrir des techniques culinaires et de partager leur passion pour la gastronomie dans un cadre exceptionnel.<\/p>\n<p>Le Manoir Claudine est un v\u00e9ritable <strong>havre de paix et de gourmandise<\/strong>. La restauration harmonieuse de ce lieu historique, combin\u00e9e avec une offre culinaire de haut niveau, en fait un <strong>incontournable<\/strong> pour les amateurs de bonne cuisine et les passionn\u00e9s de lieux charg\u00e9s d&rsquo;histoire.<\/p>\n<table style=\"border-collapse: collapse; width: 95.583%;\">\n<tbody>\n<tr>\n<td style=\"width: 51.7383%;\"><img loading=\"lazy\" decoding=\"async\" class=\"wp-image-1727 aligncenter\" src=\"http:\/\/valderdre.fr\/wrdp\/wp-content\/uploads\/IMG_20250112_155033-300x135.jpg\" alt=\"\" width=\"552\" height=\"249\" srcset=\"http:\/\/valderdre.fr\/wrdp\/wp-content\/uploads\/IMG_20250112_155033-300x135.jpg 300w, http:\/\/valderdre.fr\/wrdp\/wp-content\/uploads\/IMG_20250112_155033-1024x461.jpg 1024w, http:\/\/valderdre.fr\/wrdp\/wp-content\/uploads\/IMG_20250112_155033-200x90.jpg 200w, http:\/\/valderdre.fr\/wrdp\/wp-content\/uploads\/IMG_20250112_155033-768x346.jpg 768w, http:\/\/valderdre.fr\/wrdp\/wp-content\/uploads\/IMG_20250112_155033-1536x691.jpg 1536w, http:\/\/valderdre.fr\/wrdp\/wp-content\/uploads\/IMG_20250112_155033-2048x922.jpg 2048w, http:\/\/valderdre.fr\/wrdp\/wp-content\/uploads\/IMG_20250112_155033-24x11.jpg 24w, http:\/\/valderdre.fr\/wrdp\/wp-content\/uploads\/IMG_20250112_155033-36x16.jpg 36w, http:\/\/valderdre.fr\/wrdp\/wp-content\/uploads\/IMG_20250112_155033-48x22.jpg 48w\" sizes=\"auto, (max-width: 552px) 100vw, 552px\" \/><\/td>\n<td style=\"width: 1.24863%;\"><\/td>\n<td style=\"width: 60.1832%;\"><img loading=\"lazy\" decoding=\"async\" class=\"alignnone wp-image-1731 aligncenter\" src=\"http:\/\/valderdre.fr\/wrdp\/wp-content\/uploads\/IMG_20250112_155508-300x135.jpg\" alt=\"\" width=\"542\" height=\"244\" srcset=\"http:\/\/valderdre.fr\/wrdp\/wp-content\/uploads\/IMG_20250112_155508-300x135.jpg 300w, http:\/\/valderdre.fr\/wrdp\/wp-content\/uploads\/IMG_20250112_155508-1024x461.jpg 1024w, http:\/\/valderdre.fr\/wrdp\/wp-content\/uploads\/IMG_20250112_155508-200x90.jpg 200w, http:\/\/valderdre.fr\/wrdp\/wp-content\/uploads\/IMG_20250112_155508-768x346.jpg 768w, http:\/\/valderdre.fr\/wrdp\/wp-content\/uploads\/IMG_20250112_155508-1536x691.jpg 1536w, http:\/\/valderdre.fr\/wrdp\/wp-content\/uploads\/IMG_20250112_155508-2048x922.jpg 2048w, http:\/\/valderdre.fr\/wrdp\/wp-content\/uploads\/IMG_20250112_155508-24x11.jpg 24w, http:\/\/valderdre.fr\/wrdp\/wp-content\/uploads\/IMG_20250112_155508-36x16.jpg 36w, http:\/\/valderdre.fr\/wrdp\/wp-content\/uploads\/IMG_20250112_155508-48x22.jpg 48w\" sizes=\"auto, (max-width: 542px) 100vw, 542px\" \/><\/td>\n<\/tr>\n<\/tbody>\n<\/table>\n<p><a href=\"https:\/\/www.manoirclaudine.com\/\" target=\"_blank\" rel=\"noopener\">Voir le site Manoir Claudine<\/a><\/p>\n","protected":false},"excerpt":{"rendered":"<p>Historique: Le Manoir Claudine, \u00e9galement connu sous le nom de La Ch\u00e2taigneraie, est un patrimoine historique de Suc\u00e9-sur-Erdre. Construit en 1860, ce manoir a travers\u00e9 les si\u00e8cles en pr\u00e9servant son charme et son \u00e9l\u00e9gance. \u00c0 l&rsquo;origine, il \u00e9tait une demeure de campagne pour une famille noble, offrant un refuge tranquille loin de l&rsquo;agitation urbaine. Au fil du temps, il a&#46;&#46;&#46;<\/p>\n","protected":false},"author":1,"featured_media":1724,"comment_status":"closed","ping_status":"closed","sticky":false,"template":"","format":"standard","meta":{"footnotes":""},"categories":[2],"tags":[],"class_list":["post-1721","post","type-post","status-publish","format-standard","has-post-thumbnail","hentry","category-suce-sur-erdre"],"views":1039,"_links":{"self":[{"href":"http:\/\/valderdre.fr\/wrdp\/wp-json\/wp\/v2\/posts\/1721","targetHints":{"allow":["GET"]}}],"collection":[{"href":"http:\/\/valderdre.fr\/wrdp\/wp-json\/wp\/v2\/posts"}],"about":[{"href":"http:\/\/valderdre.fr\/wrdp\/wp-json\/wp\/v2\/types\/post"}],"author":[{"embeddable":true,"href":"http:\/\/valderdre.fr\/wrdp\/wp-json\/wp\/v2\/users\/1"}],"replies":[{"embeddable":true,"href":"http:\/\/valderdre.fr\/wrdp\/wp-json\/wp\/v2\/comments?post=1721"}],"version-history":[{"count":8,"href":"http:\/\/valderdre.fr\/wrdp\/wp-json\/wp\/v2\/posts\/1721\/revisions"}],"predecessor-version":[{"id":1733,"href":"http:\/\/valderdre.fr\/wrdp\/wp-json\/wp\/v2\/posts\/1721\/revisions\/1733"}],"wp:featuredmedia":[{"embeddable":true,"href":"http:\/\/valderdre.fr\/wrdp\/wp-json\/wp\/v2\/media\/1724"}],"wp:attachment":[{"href":"http:\/\/valderdre.fr\/wrdp\/wp-json\/wp\/v2\/media?parent=1721"}],"wp:term":[{"taxonomy":"category","embeddable":true,"href":"http:\/\/valderdre.fr\/wrdp\/wp-json\/wp\/v2\/categories?post=1721"},{"taxonomy":"post_tag","embeddable":true,"href":"http:\/\/valderdre.fr\/wrdp\/wp-json\/wp\/v2\/tags?post=1721"}],"curies":[{"name":"wp","href":"https:\/\/api.w.org\/{rel}","templated":true}]}}