{"id":1680,"date":"2024-12-28T21:51:06","date_gmt":"2024-12-28T20:51:06","guid":{"rendered":"http:\/\/valderdre.fr\/wrdp\/?p=1680"},"modified":"2024-12-28T21:52:46","modified_gmt":"2024-12-28T20:52:46","slug":"plan-deau-du-bout-de-bois","status":"publish","type":"post","link":"http:\/\/valderdre.fr\/wrdp\/plan-deau-du-bout-de-bois\/","title":{"rendered":"Plan d&rsquo;eau du Bout de Bois"},"content":{"rendered":"<div id=\"5kg6CRFYRWGGKUNehfDTm-user-message\" tabindex=\"0\" role=\"article\" data-tabster=\"{&quot;groupper&quot;:{&quot;tabbability&quot;:2},&quot;focusable&quot;:{}}\" aria-labelledby=\"5kg6CRFYRWGGKUNehfDTm-user-message\">\n<div class=\"flex w-full flex-col items-end\" data-content=\"user-message\"><img loading=\"lazy\" decoding=\"async\" class=\"alignleft wp-image-1688 size-medium\" src=\"http:\/\/valderdre.fr\/wrdp\/wp-content\/uploads\/IMG_20220529_155617-300x135.jpg\" alt=\"\" width=\"300\" height=\"135\" srcset=\"http:\/\/valderdre.fr\/wrdp\/wp-content\/uploads\/IMG_20220529_155617-300x135.jpg 300w, http:\/\/valderdre.fr\/wrdp\/wp-content\/uploads\/IMG_20220529_155617-1024x461.jpg 1024w, http:\/\/valderdre.fr\/wrdp\/wp-content\/uploads\/IMG_20220529_155617-200x90.jpg 200w, http:\/\/valderdre.fr\/wrdp\/wp-content\/uploads\/IMG_20220529_155617-768x346.jpg 768w, http:\/\/valderdre.fr\/wrdp\/wp-content\/uploads\/IMG_20220529_155617-1536x691.jpg 1536w, http:\/\/valderdre.fr\/wrdp\/wp-content\/uploads\/IMG_20220529_155617-2048x922.jpg 2048w, http:\/\/valderdre.fr\/wrdp\/wp-content\/uploads\/IMG_20220529_155617-24x11.jpg 24w, http:\/\/valderdre.fr\/wrdp\/wp-content\/uploads\/IMG_20220529_155617-36x16.jpg 36w, http:\/\/valderdre.fr\/wrdp\/wp-content\/uploads\/IMG_20220529_155617-48x22.jpg 48w\" sizes=\"auto, (max-width: 300px) 100vw, 300px\" \/>Le <strong>plan d&rsquo;eau du Bout de Bois<\/strong> est situ\u00e9 entre les communes de H\u00e9ric et Saffr\u00e9, dans le d\u00e9partement de la Loire-Atlantique.<\/div>\n<\/div>\n<div tabindex=\"0\" role=\"article\" data-tabster=\"{&quot;groupper&quot;:{&quot;tabbability&quot;:2},&quot;focusable&quot;:{}}\" data-content=\"ai-message\" aria-labelledby=\"M8WaMM7Vj3jgwAUyWXGrV-author} M8WaMM7Vj3jgwAUyWXGrV-content-0\">\n<div id=\"M8WaMM7Vj3jgwAUyWXGrV-content-0\" class=\"space-y-3 break-words\">\n<h3 class=\"text-md-strong pb-1 [&amp;:not(:first-child)]:pt-3.5\">Caract\u00e9ristiques principales :<\/h3>\n<ul>\n<li><strong>Superficie<\/strong> : Le plan d&rsquo;eau couvre environ <strong>16 hectares<\/strong>.<\/li>\n<li class=\"ps-2\"><strong>Environnement<\/strong> : Il est entour\u00e9 de paysages naturels et est accessible par la route.<\/li>\n<\/ul>\n<h3 class=\"text-md-strong pb-1 [&amp;:not(:first-child)]:pt-3.5\">Activit\u00e9s propos\u00e9es :<\/h3>\n<ol start=\"1\">\n<li><strong>P\u00eache<\/strong> : Le plan d&rsquo;eau est r\u00e9put\u00e9 pour la p\u00eache \u00e0 la carpe. La p\u00eache est autoris\u00e9e toute l&rsquo;ann\u00e9e<span class=\"mx-0.5 inline-block h-5 w-4 pb-1 align-middle\" data-copy=\"false\"><button id=\":r62:\" type=\"button\" aria-expanded=\"false\" aria-controls=\":r61:\" aria-label=\"Citation 2\">2<\/button><\/span>.<\/li>\n<li><strong>Promenades et randonn\u00e9es<\/strong> : Il y a des sentiers de promenade autour du plan d&rsquo;eau, id\u00e9aux pour les balades en famille ou en groupe.<\/li>\n<li class=\"ps-2\"><strong>Aires de pique-nique<\/strong> : Des aires de pique-nique sont disponibles pour les visiteurs qui souhaitent profiter d&rsquo;un repas en plein air.<\/li>\n<li class=\"ps-2\"><strong>Mini-golf et parcours de sant\u00e9<\/strong> : Le site propose \u00e9galement des activit\u00e9s de loisir comme le mini-golf et des parcours de sant\u00e9.<\/li>\n<li class=\"ps-2\"><strong>Plage surveill\u00e9e<\/strong> : En \u00e9t\u00e9, une plage surveill\u00e9e est ouverte pour les baigneurs.<\/li>\n<\/ol>\n<h3 class=\"text-md-strong pb-1 [&amp;:not(:first-child)]:pt-3.5\">Points d&rsquo;int\u00e9r\u00eat :<\/h3>\n<ul>\n<li><strong>R\u00e9serves naturelles<\/strong> : Le site abrite une r\u00e9serve botanique et une r\u00e9serve ornithologique, offrant des opportunit\u00e9s de d\u00e9couvrir la faune et la flore locales.<\/li>\n<li class=\"ps-2\"><strong>Voie verte<\/strong> : Une voie verte longe le plan d&rsquo;eau, offrant une piste cyclable et de marche pittoresque.<\/li>\n<\/ul>\n<p>Le plan d&rsquo;eau du Bout de Bois est donc un lieu id\u00e9al pour se d\u00e9tendre, profiter de la nature et pratiquer diverses activit\u00e9s de plein air.<\/p>\n<table style=\"border-collapse: collapse; width: 100%;\">\n<tbody>\n<tr>\n<td style=\"width: 50%;\"><img loading=\"lazy\" decoding=\"async\" class=\"size-medium wp-image-1690 aligncenter\" src=\"http:\/\/valderdre.fr\/wrdp\/wp-content\/uploads\/IMG_20220529_155748-300x135.jpg\" alt=\"\" width=\"300\" height=\"135\" srcset=\"http:\/\/valderdre.fr\/wrdp\/wp-content\/uploads\/IMG_20220529_155748-300x135.jpg 300w, http:\/\/valderdre.fr\/wrdp\/wp-content\/uploads\/IMG_20220529_155748-1024x461.jpg 1024w, http:\/\/valderdre.fr\/wrdp\/wp-content\/uploads\/IMG_20220529_155748-200x90.jpg 200w, http:\/\/valderdre.fr\/wrdp\/wp-content\/uploads\/IMG_20220529_155748-768x346.jpg 768w, http:\/\/valderdre.fr\/wrdp\/wp-content\/uploads\/IMG_20220529_155748-1536x691.jpg 1536w, http:\/\/valderdre.fr\/wrdp\/wp-content\/uploads\/IMG_20220529_155748-2048x922.jpg 2048w, http:\/\/valderdre.fr\/wrdp\/wp-content\/uploads\/IMG_20220529_155748-24x11.jpg 24w, http:\/\/valderdre.fr\/wrdp\/wp-content\/uploads\/IMG_20220529_155748-36x16.jpg 36w, http:\/\/valderdre.fr\/wrdp\/wp-content\/uploads\/IMG_20220529_155748-48x22.jpg 48w\" sizes=\"auto, (max-width: 300px) 100vw, 300px\" \/><\/td>\n<td style=\"width: 50%;\"><img loading=\"lazy\" decoding=\"async\" class=\"alignnone size-medium wp-image-1689 aligncenter\" src=\"http:\/\/valderdre.fr\/wrdp\/wp-content\/uploads\/IMG_20220529_155711-300x135.jpg\" alt=\"\" width=\"300\" height=\"135\" srcset=\"http:\/\/valderdre.fr\/wrdp\/wp-content\/uploads\/IMG_20220529_155711-300x135.jpg 300w, http:\/\/valderdre.fr\/wrdp\/wp-content\/uploads\/IMG_20220529_155711-1024x461.jpg 1024w, http:\/\/valderdre.fr\/wrdp\/wp-content\/uploads\/IMG_20220529_155711-200x90.jpg 200w, http:\/\/valderdre.fr\/wrdp\/wp-content\/uploads\/IMG_20220529_155711-768x346.jpg 768w, http:\/\/valderdre.fr\/wrdp\/wp-content\/uploads\/IMG_20220529_155711-1536x691.jpg 1536w, http:\/\/valderdre.fr\/wrdp\/wp-content\/uploads\/IMG_20220529_155711-2048x922.jpg 2048w, http:\/\/valderdre.fr\/wrdp\/wp-content\/uploads\/IMG_20220529_155711-24x11.jpg 24w, http:\/\/valderdre.fr\/wrdp\/wp-content\/uploads\/IMG_20220529_155711-36x16.jpg 36w, http:\/\/valderdre.fr\/wrdp\/wp-content\/uploads\/IMG_20220529_155711-48x22.jpg 48w\" sizes=\"auto, (max-width: 300px) 100vw, 300px\" \/><\/td>\n<\/tr>\n<\/tbody>\n<\/table>\n<\/div>\n<\/div>\n","protected":false},"excerpt":{"rendered":"<p>Le plan d&rsquo;eau du Bout de Bois est situ\u00e9 entre les communes de H\u00e9ric et Saffr\u00e9, dans le d\u00e9partement de la Loire-Atlantique. Caract\u00e9ristiques principales : Superficie : Le plan d&rsquo;eau couvre environ 16 hectares. Environnement : Il est entour\u00e9 de paysages naturels et est accessible par la route. Activit\u00e9s propos\u00e9es : P\u00eache : Le plan d&rsquo;eau est r\u00e9put\u00e9 pour la&#46;&#46;&#46;<\/p>\n","protected":false},"author":1,"featured_media":1688,"comment_status":"closed","ping_status":"closed","sticky":false,"template":"","format":"standard","meta":{"footnotes":""},"categories":[15],"tags":[],"class_list":["post-1680","post","type-post","status-publish","format-standard","has-post-thumbnail","hentry","category-boutdebois"],"views":1132,"_links":{"self":[{"href":"http:\/\/valderdre.fr\/wrdp\/wp-json\/wp\/v2\/posts\/1680","targetHints":{"allow":["GET"]}}],"collection":[{"href":"http:\/\/valderdre.fr\/wrdp\/wp-json\/wp\/v2\/posts"}],"about":[{"href":"http:\/\/valderdre.fr\/wrdp\/wp-json\/wp\/v2\/types\/post"}],"author":[{"embeddable":true,"href":"http:\/\/valderdre.fr\/wrdp\/wp-json\/wp\/v2\/users\/1"}],"replies":[{"embeddable":true,"href":"http:\/\/valderdre.fr\/wrdp\/wp-json\/wp\/v2\/comments?post=1680"}],"version-history":[{"count":2,"href":"http:\/\/valderdre.fr\/wrdp\/wp-json\/wp\/v2\/posts\/1680\/revisions"}],"predecessor-version":[{"id":1693,"href":"http:\/\/valderdre.fr\/wrdp\/wp-json\/wp\/v2\/posts\/1680\/revisions\/1693"}],"wp:featuredmedia":[{"embeddable":true,"href":"http:\/\/valderdre.fr\/wrdp\/wp-json\/wp\/v2\/media\/1688"}],"wp:attachment":[{"href":"http:\/\/valderdre.fr\/wrdp\/wp-json\/wp\/v2\/media?parent=1680"}],"wp:term":[{"taxonomy":"category","embeddable":true,"href":"http:\/\/valderdre.fr\/wrdp\/wp-json\/wp\/v2\/categories?post=1680"},{"taxonomy":"post_tag","embeddable":true,"href":"http:\/\/valderdre.fr\/wrdp\/wp-json\/wp\/v2\/tags?post=1680"}],"curies":[{"name":"wp","href":"https:\/\/api.w.org\/{rel}","templated":true}]}}