{"id":1678,"date":"2024-12-28T22:06:39","date_gmt":"2024-12-28T21:06:39","guid":{"rendered":"http:\/\/valderdre.fr\/wrdp\/?p=1678"},"modified":"2024-12-28T22:06:51","modified_gmt":"2024-12-28T21:06:51","slug":"le-canal-de-nantes-a-brest","status":"publish","type":"post","link":"http:\/\/valderdre.fr\/wrdp\/le-canal-de-nantes-a-brest\/","title":{"rendered":"Le Canal de Nantes \u00e0 Brest"},"content":{"rendered":"<p><img loading=\"lazy\" decoding=\"async\" class=\"wp-image-1694 size-medium alignleft\" src=\"http:\/\/valderdre.fr\/wrdp\/wp-content\/uploads\/DSCF0174-1-300x225.jpg\" alt=\"\" width=\"300\" height=\"225\" srcset=\"http:\/\/valderdre.fr\/wrdp\/wp-content\/uploads\/DSCF0174-1-300x225.jpg 300w, http:\/\/valderdre.fr\/wrdp\/wp-content\/uploads\/DSCF0174-1-1024x768.jpg 1024w, http:\/\/valderdre.fr\/wrdp\/wp-content\/uploads\/DSCF0174-1-200x150.jpg 200w, http:\/\/valderdre.fr\/wrdp\/wp-content\/uploads\/DSCF0174-1-768x576.jpg 768w, http:\/\/valderdre.fr\/wrdp\/wp-content\/uploads\/DSCF0174-1-1536x1152.jpg 1536w, http:\/\/valderdre.fr\/wrdp\/wp-content\/uploads\/DSCF0174-1-2048x1536.jpg 2048w, http:\/\/valderdre.fr\/wrdp\/wp-content\/uploads\/DSCF0174-1-24x18.jpg 24w, http:\/\/valderdre.fr\/wrdp\/wp-content\/uploads\/DSCF0174-1-36x27.jpg 36w, http:\/\/valderdre.fr\/wrdp\/wp-content\/uploads\/DSCF0174-1-48x36.jpg 48w\" sizes=\"auto, (max-width: 300px) 100vw, 300px\" \/>Le <strong>Canal de Nantes \u00e0 Brest<\/strong> est un canal historique qui traverse la Bretagne, reliant Nantes \u00e0 Brest. Voici quelques informations int\u00e9ressantes \u00e0 son sujet :<\/p>\n<h3 class=\"text-md-strong pb-1 [&amp;:not(:first-child)]:pt-3.5\">Caract\u00e9ristiques principales :<\/h3>\n<ul>\n<li><strong>Longueur<\/strong> : Le canal s&rsquo;\u00e9tend sur environ <strong>364 km<\/strong>.<\/li>\n<li class=\"ps-2\"><strong>Origine<\/strong> : Sa construction a commenc\u00e9 en 1803 et il a \u00e9t\u00e9 ouvert en 1858.<\/li>\n<li class=\"ps-2\"><strong>Navigation<\/strong> : Bien que le canal ne soit plus navigable dans sa totalit\u00e9 depuis 1930, il reste une destination pris\u00e9e pour le tourisme fluvial.<\/li>\n<\/ul>\n<h3 class=\"text-md-strong pb-1 [&amp;:not(:first-child)]:pt-3.5\">Points d&rsquo;int\u00e9r\u00eat :<\/h3>\n<ol start=\"1\">\n<li><strong>\u00c9cluses<\/strong> : Le canal compte <strong>238 \u00e9cluses<\/strong>, dont l&rsquo;\u00e9cluse de Saint-Jouan est particuli\u00e8rement remarquable.<\/li>\n<li class=\"ps-2\"><strong>Voie verte<\/strong> : Une voie verte a \u00e9t\u00e9 am\u00e9nag\u00e9e le long du canal, offrant une piste cyclable et de marche pittoresque.<\/li>\n<li class=\"ps-2\"><strong>Biodiversit\u00e9<\/strong> : Le canal traverse plusieurs d\u00e9partements et offre des paysages vari\u00e9s, avec une faune et une flore riches.<\/li>\n<\/ol>\n<h3 class=\"text-md-strong pb-1 [&amp;:not(:first-child)]:pt-3.5\">Histoire :<\/h3>\n<p>L&rsquo;id\u00e9e de cr\u00e9er un canal reliant Nantes \u00e0 Brest remonte au XVIe si\u00e8cle, mais c&rsquo;est au XIXe si\u00e8cle que le projet a \u00e9t\u00e9 concr\u00e9tis\u00e9. Le canal a jou\u00e9 un r\u00f4le crucial dans le d\u00e9senclavement de la Bretagne centrale, souvent surnomm\u00e9e la \u00ab\u00a0Sib\u00e9rie de la Bretagne\u00a0\u00bb en raison de son isolement.<\/p>\n<table style=\"border-collapse: collapse; width: 100%;\">\n<tbody>\n<tr>\n<td style=\"width: 50%;\"><img loading=\"lazy\" decoding=\"async\" class=\"alignnone size-medium wp-image-1695 aligncenter\" src=\"http:\/\/valderdre.fr\/wrdp\/wp-content\/uploads\/DSCF0172-300x225.jpg\" alt=\"\" width=\"300\" height=\"225\" srcset=\"http:\/\/valderdre.fr\/wrdp\/wp-content\/uploads\/DSCF0172-300x225.jpg 300w, http:\/\/valderdre.fr\/wrdp\/wp-content\/uploads\/DSCF0172-1024x768.jpg 1024w, http:\/\/valderdre.fr\/wrdp\/wp-content\/uploads\/DSCF0172-200x150.jpg 200w, http:\/\/valderdre.fr\/wrdp\/wp-content\/uploads\/DSCF0172-768x576.jpg 768w, http:\/\/valderdre.fr\/wrdp\/wp-content\/uploads\/DSCF0172-1536x1152.jpg 1536w, http:\/\/valderdre.fr\/wrdp\/wp-content\/uploads\/DSCF0172-2048x1536.jpg 2048w, http:\/\/valderdre.fr\/wrdp\/wp-content\/uploads\/DSCF0172-24x18.jpg 24w, http:\/\/valderdre.fr\/wrdp\/wp-content\/uploads\/DSCF0172-36x27.jpg 36w, http:\/\/valderdre.fr\/wrdp\/wp-content\/uploads\/DSCF0172-48x36.jpg 48w\" sizes=\"auto, (max-width: 300px) 100vw, 300px\" \/><\/td>\n<td style=\"width: 50%;\"><img loading=\"lazy\" decoding=\"async\" class=\"alignnone size-medium wp-image-1696 aligncenter\" src=\"http:\/\/valderdre.fr\/wrdp\/wp-content\/uploads\/DSCF0173-300x225.jpg\" alt=\"\" width=\"300\" height=\"225\" srcset=\"http:\/\/valderdre.fr\/wrdp\/wp-content\/uploads\/DSCF0173-300x225.jpg 300w, http:\/\/valderdre.fr\/wrdp\/wp-content\/uploads\/DSCF0173-1024x768.jpg 1024w, http:\/\/valderdre.fr\/wrdp\/wp-content\/uploads\/DSCF0173-200x150.jpg 200w, http:\/\/valderdre.fr\/wrdp\/wp-content\/uploads\/DSCF0173-768x576.jpg 768w, http:\/\/valderdre.fr\/wrdp\/wp-content\/uploads\/DSCF0173-1536x1152.jpg 1536w, http:\/\/valderdre.fr\/wrdp\/wp-content\/uploads\/DSCF0173-2048x1536.jpg 2048w, http:\/\/valderdre.fr\/wrdp\/wp-content\/uploads\/DSCF0173-24x18.jpg 24w, http:\/\/valderdre.fr\/wrdp\/wp-content\/uploads\/DSCF0173-36x27.jpg 36w, http:\/\/valderdre.fr\/wrdp\/wp-content\/uploads\/DSCF0173-48x36.jpg 48w\" sizes=\"auto, (max-width: 300px) 100vw, 300px\" \/><\/td>\n<\/tr>\n<\/tbody>\n<\/table>\n<p>&nbsp;<\/p>\n","protected":false},"excerpt":{"rendered":"<p>Le Canal de Nantes \u00e0 Brest est un canal historique qui traverse la Bretagne, reliant Nantes \u00e0 Brest. Voici quelques informations int\u00e9ressantes \u00e0 son sujet : Caract\u00e9ristiques principales : Longueur : Le canal s&rsquo;\u00e9tend sur environ 364 km. Origine : Sa construction a commenc\u00e9 en 1803 et il a \u00e9t\u00e9 ouvert en 1858. Navigation : Bien que le canal ne&#46;&#46;&#46;<\/p>\n","protected":false},"author":1,"featured_media":1697,"comment_status":"closed","ping_status":"closed","sticky":false,"template":"","format":"standard","meta":{"footnotes":""},"categories":[5],"tags":[],"class_list":["post-1678","post","type-post","status-publish","format-standard","has-post-thumbnail","hentry","category-le-canal"],"views":655,"_links":{"self":[{"href":"http:\/\/valderdre.fr\/wrdp\/wp-json\/wp\/v2\/posts\/1678","targetHints":{"allow":["GET"]}}],"collection":[{"href":"http:\/\/valderdre.fr\/wrdp\/wp-json\/wp\/v2\/posts"}],"about":[{"href":"http:\/\/valderdre.fr\/wrdp\/wp-json\/wp\/v2\/types\/post"}],"author":[{"embeddable":true,"href":"http:\/\/valderdre.fr\/wrdp\/wp-json\/wp\/v2\/users\/1"}],"replies":[{"embeddable":true,"href":"http:\/\/valderdre.fr\/wrdp\/wp-json\/wp\/v2\/comments?post=1678"}],"version-history":[{"count":2,"href":"http:\/\/valderdre.fr\/wrdp\/wp-json\/wp\/v2\/posts\/1678\/revisions"}],"predecessor-version":[{"id":1698,"href":"http:\/\/valderdre.fr\/wrdp\/wp-json\/wp\/v2\/posts\/1678\/revisions\/1698"}],"wp:featuredmedia":[{"embeddable":true,"href":"http:\/\/valderdre.fr\/wrdp\/wp-json\/wp\/v2\/media\/1697"}],"wp:attachment":[{"href":"http:\/\/valderdre.fr\/wrdp\/wp-json\/wp\/v2\/media?parent=1678"}],"wp:term":[{"taxonomy":"category","embeddable":true,"href":"http:\/\/valderdre.fr\/wrdp\/wp-json\/wp\/v2\/categories?post=1678"},{"taxonomy":"post_tag","embeddable":true,"href":"http:\/\/valderdre.fr\/wrdp\/wp-json\/wp\/v2\/tags?post=1678"}],"curies":[{"name":"wp","href":"https:\/\/api.w.org\/{rel}","templated":true}]}}