{"id":1672,"date":"2024-12-22T22:40:19","date_gmt":"2024-12-22T21:40:19","guid":{"rendered":"http:\/\/valderdre.fr\/wrdp\/?p=1672"},"modified":"2024-12-28T21:42:09","modified_gmt":"2024-12-28T20:42:09","slug":"1672-2","status":"publish","type":"post","link":"http:\/\/valderdre.fr\/wrdp\/1672-2\/","title":{"rendered":"Le Lac de Vioreau"},"content":{"rendered":"<div id=\"DCzBeEnLVjB3gRxdDzUPw-user-message\" tabindex=\"0\" role=\"article\" data-tabster=\"{&quot;groupper&quot;:{&quot;tabbability&quot;:2},&quot;focusable&quot;:{}}\" aria-labelledby=\"DCzBeEnLVjB3gRxdDzUPw-user-message\">\n<div class=\"flex w-full flex-col items-end\" data-content=\"user-message\"><img loading=\"lazy\" decoding=\"async\" class=\"alignleft wp-image-1685 size-thumbnail\" src=\"http:\/\/valderdre.fr\/wrdp\/wp-content\/uploads\/DSCF5528-1-200x150.jpg\" alt=\"\" width=\"200\" height=\"150\" srcset=\"http:\/\/valderdre.fr\/wrdp\/wp-content\/uploads\/DSCF5528-1-200x150.jpg 200w, http:\/\/valderdre.fr\/wrdp\/wp-content\/uploads\/DSCF5528-1-300x225.jpg 300w, http:\/\/valderdre.fr\/wrdp\/wp-content\/uploads\/DSCF5528-1-1024x768.jpg 1024w, http:\/\/valderdre.fr\/wrdp\/wp-content\/uploads\/DSCF5528-1-768x576.jpg 768w, http:\/\/valderdre.fr\/wrdp\/wp-content\/uploads\/DSCF5528-1-1536x1152.jpg 1536w, http:\/\/valderdre.fr\/wrdp\/wp-content\/uploads\/DSCF5528-1-2048x1536.jpg 2048w, http:\/\/valderdre.fr\/wrdp\/wp-content\/uploads\/DSCF5528-1-24x18.jpg 24w, http:\/\/valderdre.fr\/wrdp\/wp-content\/uploads\/DSCF5528-1-36x27.jpg 36w, http:\/\/valderdre.fr\/wrdp\/wp-content\/uploads\/DSCF5528-1-48x36.jpg 48w\" sizes=\"auto, (max-width: 200px) 100vw, 200px\" \/>Le <strong>Lac de Vioreau<\/strong> est un charmant plan d&rsquo;eau situ\u00e9 entre Nantes et Ch\u00e2teaubriant, dans le d\u00e9partement de la Loire-Atlantique. Voici quelques d\u00e9tails int\u00e9ressants \u00e0 son sujet :<\/div>\n<\/div>\n<div tabindex=\"0\" role=\"article\" data-tabster=\"{&quot;groupper&quot;:{&quot;tabbability&quot;:2},&quot;focusable&quot;:{}}\" data-content=\"ai-message\" aria-labelledby=\"8CE3fcviFxTBUvEAKtPRX-author} 8CE3fcviFxTBUvEAKtPRX-content-0\">\n<div id=\"8CE3fcviFxTBUvEAKtPRX-content-0\" class=\"space-y-3 break-words\">\n<h3 class=\"text-md-strong pb-1 [&amp;:not(:first-child)]:pt-3.5\">Caract\u00e9ristiques principales :<\/h3>\n<ul>\n<li><strong>Superficie<\/strong> : Le lac couvre environ <strong>2 km\u00b2<\/strong>.<\/li>\n<li><strong>Environnement<\/strong> : Il est entour\u00e9 de for\u00eats et de paysages naturels, offrant un cadre idyllique pour les activit\u00e9s de plein <span style=\"color: #000000; font-family: Arial;\"><span style=\"font-size: 13.3333px; background-color: #f0f0f0;\">air.<\/span><\/span><\/li>\n<\/ul>\n<h3>Activit\u00e9s propos\u00e9es :<\/h3>\n<ol start=\"1\">\n<li><strong>Randonn\u00e9es<\/strong> : Il existe des sentiers de randonn\u00e9e autour du lac, id\u00e9aux pour les promenades \u00e0 pied ou \u00e0 cheval.<\/li>\n<li class=\"ps-2\"><strong>VTT<\/strong> : Les pistes cyclables le long du lac sont parfaites pour les amateurs de VTT.<\/li>\n<li class=\"ps-2\"><strong>P\u00eache<\/strong> : Le lac est r\u00e9put\u00e9 pour ses populations de sandres, perches, carpes communes et miroirs.<\/li>\n<li class=\"ps-2\"><strong>Baignade et sports nautiques<\/strong> : En \u00e9t\u00e9, il est possible de se rafra\u00eechir dans l&rsquo;eau ou de pratiquer des activit\u00e9s nautiques comme le stand-up paddle, le cano\u00eb et la voile.<\/li>\n<li class=\"ps-2\"><strong>Pique-nique<\/strong> : Des tables de pique-nique ombrag\u00e9es sont disponibles pour un repas en plein air.<\/li>\n<\/ol>\n<h3 class=\"text-md-strong pb-1 [&amp;:not(:first-child)]:pt-3.5\">Points d&rsquo;int\u00e9r\u00eat :<\/h3>\n<ul>\n<li><strong>Base de loisirs<\/strong> : Le site propose des infrastructures comme des sanitaires, des douches et un snack.<\/li>\n<li class=\"ps-2\"><strong>Plage surveill\u00e9e<\/strong> : En \u00e9t\u00e9, la plage du lac est surveill\u00e9e par des ma\u00eetres-nageurs sauveteurs.<\/li>\n<\/ul>\n<p>Le Lac de Vioreau est donc un lieu id\u00e9al pour se d\u00e9tendre, profiter de la nature et pratiquer diverses activit\u00e9s de plein air.<\/p>\n<table style=\"border-collapse: collapse; width: 100%;\">\n<tbody>\n<tr>\n<td style=\"width: 50%;\"><img loading=\"lazy\" decoding=\"async\" class=\"size-medium wp-image-1684 aligncenter\" src=\"http:\/\/valderdre.fr\/wrdp\/wp-content\/uploads\/DSCF5526-300x225.jpg\" alt=\"\" width=\"300\" height=\"225\" srcset=\"http:\/\/valderdre.fr\/wrdp\/wp-content\/uploads\/DSCF5526-300x225.jpg 300w, http:\/\/valderdre.fr\/wrdp\/wp-content\/uploads\/DSCF5526-1024x768.jpg 1024w, http:\/\/valderdre.fr\/wrdp\/wp-content\/uploads\/DSCF5526-200x150.jpg 200w, http:\/\/valderdre.fr\/wrdp\/wp-content\/uploads\/DSCF5526-768x576.jpg 768w, http:\/\/valderdre.fr\/wrdp\/wp-content\/uploads\/DSCF5526-1536x1152.jpg 1536w, http:\/\/valderdre.fr\/wrdp\/wp-content\/uploads\/DSCF5526-2048x1536.jpg 2048w, http:\/\/valderdre.fr\/wrdp\/wp-content\/uploads\/DSCF5526-24x18.jpg 24w, http:\/\/valderdre.fr\/wrdp\/wp-content\/uploads\/DSCF5526-36x27.jpg 36w, http:\/\/valderdre.fr\/wrdp\/wp-content\/uploads\/DSCF5526-48x36.jpg 48w\" sizes=\"auto, (max-width: 300px) 100vw, 300px\" \/><\/td>\n<td style=\"width: 50%;\"><img loading=\"lazy\" decoding=\"async\" class=\"size-medium wp-image-1685 aligncenter\" src=\"http:\/\/valderdre.fr\/wrdp\/wp-content\/uploads\/DSCF5528-1-300x225.jpg\" alt=\"\" width=\"300\" height=\"225\" srcset=\"http:\/\/valderdre.fr\/wrdp\/wp-content\/uploads\/DSCF5528-1-300x225.jpg 300w, http:\/\/valderdre.fr\/wrdp\/wp-content\/uploads\/DSCF5528-1-1024x768.jpg 1024w, http:\/\/valderdre.fr\/wrdp\/wp-content\/uploads\/DSCF5528-1-200x150.jpg 200w, http:\/\/valderdre.fr\/wrdp\/wp-content\/uploads\/DSCF5528-1-768x576.jpg 768w, http:\/\/valderdre.fr\/wrdp\/wp-content\/uploads\/DSCF5528-1-1536x1152.jpg 1536w, http:\/\/valderdre.fr\/wrdp\/wp-content\/uploads\/DSCF5528-1-2048x1536.jpg 2048w, http:\/\/valderdre.fr\/wrdp\/wp-content\/uploads\/DSCF5528-1-24x18.jpg 24w, http:\/\/valderdre.fr\/wrdp\/wp-content\/uploads\/DSCF5528-1-36x27.jpg 36w, http:\/\/valderdre.fr\/wrdp\/wp-content\/uploads\/DSCF5528-1-48x36.jpg 48w\" sizes=\"auto, (max-width: 300px) 100vw, 300px\" \/><\/td>\n<\/tr>\n<tr>\n<td style=\"width: 50%;\"><\/td>\n<td style=\"width: 50%;\"><\/td>\n<\/tr>\n<\/tbody>\n<\/table>\n<\/div>\n<\/div>\n","protected":false},"excerpt":{"rendered":"<p>Le Lac de Vioreau est un charmant plan d&rsquo;eau situ\u00e9 entre Nantes et Ch\u00e2teaubriant, dans le d\u00e9partement de la Loire-Atlantique. Voici quelques d\u00e9tails int\u00e9ressants \u00e0 son sujet : Caract\u00e9ristiques principales : Superficie : Le lac couvre environ 2 km\u00b2. Environnement : Il est entour\u00e9 de for\u00eats et de paysages naturels, offrant un cadre idyllique pour les activit\u00e9s de plein air.&#46;&#46;&#46;<\/p>\n","protected":false},"author":1,"featured_media":1638,"comment_status":"closed","ping_status":"closed","sticky":false,"template":"","format":"standard","meta":{"footnotes":""},"categories":[14],"tags":[],"class_list":["post-1672","post","type-post","status-publish","format-standard","has-post-thumbnail","hentry","category-vioreau"],"views":636,"_links":{"self":[{"href":"http:\/\/valderdre.fr\/wrdp\/wp-json\/wp\/v2\/posts\/1672","targetHints":{"allow":["GET"]}}],"collection":[{"href":"http:\/\/valderdre.fr\/wrdp\/wp-json\/wp\/v2\/posts"}],"about":[{"href":"http:\/\/valderdre.fr\/wrdp\/wp-json\/wp\/v2\/types\/post"}],"author":[{"embeddable":true,"href":"http:\/\/valderdre.fr\/wrdp\/wp-json\/wp\/v2\/users\/1"}],"replies":[{"embeddable":true,"href":"http:\/\/valderdre.fr\/wrdp\/wp-json\/wp\/v2\/comments?post=1672"}],"version-history":[{"count":5,"href":"http:\/\/valderdre.fr\/wrdp\/wp-json\/wp\/v2\/posts\/1672\/revisions"}],"predecessor-version":[{"id":1687,"href":"http:\/\/valderdre.fr\/wrdp\/wp-json\/wp\/v2\/posts\/1672\/revisions\/1687"}],"wp:featuredmedia":[{"embeddable":true,"href":"http:\/\/valderdre.fr\/wrdp\/wp-json\/wp\/v2\/media\/1638"}],"wp:attachment":[{"href":"http:\/\/valderdre.fr\/wrdp\/wp-json\/wp\/v2\/media?parent=1672"}],"wp:term":[{"taxonomy":"category","embeddable":true,"href":"http:\/\/valderdre.fr\/wrdp\/wp-json\/wp\/v2\/categories?post=1672"},{"taxonomy":"post_tag","embeddable":true,"href":"http:\/\/valderdre.fr\/wrdp\/wp-json\/wp\/v2\/tags?post=1672"}],"curies":[{"name":"wp","href":"https:\/\/api.w.org\/{rel}","templated":true}]}}