{"id":1659,"date":"2024-07-10T21:33:37","date_gmt":"2024-07-10T19:33:37","guid":{"rendered":"http:\/\/valderdre.fr\/wrdp\/?p=1659"},"modified":"2024-09-13T21:18:17","modified_gmt":"2024-09-13T19:18:17","slug":"une-guinguette-ouvre-sur-le-canal-de-nantes-a-brest","status":"publish","type":"post","link":"http:\/\/valderdre.fr\/wrdp\/une-guinguette-ouvre-sur-le-canal-de-nantes-a-brest\/","title":{"rendered":"une guinguette ouvre sur le canal de Nantes \u00e0 Brest"},"content":{"rendered":"<p><img loading=\"lazy\" decoding=\"async\" class=\"size-medium wp-image-1660 alignleft\" src=\"http:\/\/valderdre.fr\/wrdp\/wp-content\/uploads\/Guinguette_Blain_1-300x200.jpg\" alt=\"\" width=\"300\" height=\"200\" srcset=\"http:\/\/valderdre.fr\/wrdp\/wp-content\/uploads\/Guinguette_Blain_1-300x200.jpg 300w, http:\/\/valderdre.fr\/wrdp\/wp-content\/uploads\/Guinguette_Blain_1-200x133.jpg 200w, http:\/\/valderdre.fr\/wrdp\/wp-content\/uploads\/Guinguette_Blain_1-24x16.jpg 24w, http:\/\/valderdre.fr\/wrdp\/wp-content\/uploads\/Guinguette_Blain_1-36x24.jpg 36w, http:\/\/valderdre.fr\/wrdp\/wp-content\/uploads\/Guinguette_Blain_1-48x32.jpg 48w, http:\/\/valderdre.fr\/wrdp\/wp-content\/uploads\/Guinguette_Blain_1.jpg 605w\" sizes=\"auto, (max-width: 300px) 100vw, 300px\" \/>Ce samedi 13 juillet 2024, une guinguette va ouvrir sur le canal de Nantes \u00e0 Brest, \u00e0 Blain. Camille, \u00c9loi et Oc\u00e9ane vont faire du lieu un endroit d\u2019\u00e9change et de partage.<\/p>\n<p>\u00ab\u2009<span style=\"color: #3366ff;\"><strong>Un rep\u00e8re et un repaire\u2009<\/strong><\/span>\u00bb<\/p>\n<p>C\u2019est un collectif d\u2019amis de fac qui est \u00e0 l\u2019origine de ce projet, comme le raconte Oc\u00e9ane Marchand. \u00ab\u2009Cela faisait longtemps qu\u2019entre nous, on parlait de cr\u00e9er un lieu d\u2019\u00e9change, de partage.<\/p>\n<p>Cet hiver, on s\u2019est dit qu\u2019il \u00e9tait temps pour nous de cr\u00e9er ce lieu.\u2009\u00bb<\/p>\n<p>Un appel \u00e0 projet pour la maison \u00e9clusi\u00e8re Le Terrier tombe alors \u00e0 point nomm\u00e9 et voici les six amis lanc\u00e9s. \u00ab\u2009En trois semaines, le projet \u00e9tait mont\u00e9\u2009\u00bb, sourit Oc\u00e9ane Marchand.<\/p>\n<p><img loading=\"lazy\" decoding=\"async\" class=\"size-medium wp-image-1662 alignright\" src=\"http:\/\/valderdre.fr\/wrdp\/wp-content\/uploads\/Guinguette_Blain_2-300x250.jpg\" alt=\"\" width=\"300\" height=\"250\" srcset=\"http:\/\/valderdre.fr\/wrdp\/wp-content\/uploads\/Guinguette_Blain_2-300x250.jpg 300w, http:\/\/valderdre.fr\/wrdp\/wp-content\/uploads\/Guinguette_Blain_2-200x167.jpg 200w, http:\/\/valderdre.fr\/wrdp\/wp-content\/uploads\/Guinguette_Blain_2-24x20.jpg 24w, http:\/\/valderdre.fr\/wrdp\/wp-content\/uploads\/Guinguette_Blain_2-36x30.jpg 36w, http:\/\/valderdre.fr\/wrdp\/wp-content\/uploads\/Guinguette_Blain_2-48x40.jpg 48w, http:\/\/valderdre.fr\/wrdp\/wp-content\/uploads\/Guinguette_Blain_2.jpg 605w\" sizes=\"auto, (max-width: 300px) 100vw, 300px\" \/><\/p>\n<p>Le collectif, qui a mont\u00e9 une association (Le Terrier 10), proposera donc de la restauration, des \u00e9v\u00e8nements culturels, de l\u2019h\u00e9bergement touristique mais aussi des temps de partage de savoirs.<\/p>\n<p>Nous proposerons un samedi sur deux un \u00e9v\u00e8nement culturel en soir\u00e9e jusqu\u2019en septembre. Nous aurons \u00e0 la location deux chambres pour les gens de passage sur le canal.<\/p>\n<p>Ce samedi 13 juillet,\u00a0<strong>un concert et un karaok\u00e9<\/strong>\u00a0sont au programme de la soir\u00e9e inaugurale.<\/p>\n<p>La maison \u00e9clusi\u00e8re sera ouverte\u00a0<b>de mi-avril \u00e0 fin septembre<\/b>, soit pendant la saison de navigation.<\/p>\n<p>Apr\u00e8s la saison, l\u2019association mettra \u00e0 la location<b>\u00a0trois chambres pour des jeunes travailleurs<\/b>. \u00ab\u2009Ce seront des locations courtes et \u00e7a permettra \u00e0 la maison de ne pas rester ferm\u00e9e\u2009\u00bb, explique Oc\u00e9ane Marchand.<\/p>\n<p>La bande d\u2019amis a mis en ligne une cagnotte participative pour l\u2019achat de mat\u00e9riel, sur\u00a0<a href=\"https:\/\/l.facebook.com\/l.php?u=https%3A%2F%2Fwww.helloasso.com%2Fassociations%2Fle-terrier-10%2Fcollectes%2Fle-terrier-ecluse-conviviale-guinguette-et-gite-sur-le-canal-de-nantes-a-brest%3Ffbclid%3DIwZXh0bgNhZW0CMTAAAR2w6T7NAK5dLQo8M_qqDgcQ_Ek4xGbQTGrHlbhfEng6BbSKSF3LFQrMBpU_aem_vw3vnyN-LN7mmnWupKI4CQ&amp;h=AT2desGz4jBwwtL00p1Y7nnU9lA8PDu6r82q5dOrIizl32GhCrRnDSGC4Us60Vh1lNsSFQADvUPtPGvWIvPHg7CtSUUs_JBUrM11pr_YAf5OAqubYsgUjr-_XaDPonm-t21ySg\">la plateforme HelloAsso.<\/a><\/p>\n<p>&nbsp;<\/p>\n<p><em><strong>Article et photos L&rsquo;Eclaireur\u00a0Ch\u00e2teaubriant<br \/>\nPubli\u00e9 le\u00a0<time datetime=\"2024-07-09T17:08:18+02:00\">9 juil. 2024\u00a0<\/time><\/strong><\/em><\/p>\n","protected":false},"excerpt":{"rendered":"<p>Ce samedi 13 juillet 2024, une guinguette va ouvrir sur le canal de Nantes \u00e0 Brest, \u00e0 Blain. Camille, \u00c9loi et Oc\u00e9ane vont faire du lieu un endroit d\u2019\u00e9change et de partage. \u00ab\u2009Un rep\u00e8re et un repaire\u2009\u00bb C\u2019est un collectif d\u2019amis de fac qui est \u00e0 l\u2019origine de ce projet, comme le raconte Oc\u00e9ane Marchand. \u00ab\u2009Cela faisait longtemps qu\u2019entre nous,&#46;&#46;&#46;<\/p>\n","protected":false},"author":1,"featured_media":1660,"comment_status":"open","ping_status":"open","sticky":false,"template":"","format":"standard","meta":{"footnotes":""},"categories":[5],"tags":[],"class_list":["post-1659","post","type-post","status-publish","format-standard","has-post-thumbnail","hentry","category-le-canal"],"views":1153,"_links":{"self":[{"href":"http:\/\/valderdre.fr\/wrdp\/wp-json\/wp\/v2\/posts\/1659","targetHints":{"allow":["GET"]}}],"collection":[{"href":"http:\/\/valderdre.fr\/wrdp\/wp-json\/wp\/v2\/posts"}],"about":[{"href":"http:\/\/valderdre.fr\/wrdp\/wp-json\/wp\/v2\/types\/post"}],"author":[{"embeddable":true,"href":"http:\/\/valderdre.fr\/wrdp\/wp-json\/wp\/v2\/users\/1"}],"replies":[{"embeddable":true,"href":"http:\/\/valderdre.fr\/wrdp\/wp-json\/wp\/v2\/comments?post=1659"}],"version-history":[{"count":8,"href":"http:\/\/valderdre.fr\/wrdp\/wp-json\/wp\/v2\/posts\/1659\/revisions"}],"predecessor-version":[{"id":1669,"href":"http:\/\/valderdre.fr\/wrdp\/wp-json\/wp\/v2\/posts\/1659\/revisions\/1669"}],"wp:featuredmedia":[{"embeddable":true,"href":"http:\/\/valderdre.fr\/wrdp\/wp-json\/wp\/v2\/media\/1660"}],"wp:attachment":[{"href":"http:\/\/valderdre.fr\/wrdp\/wp-json\/wp\/v2\/media?parent=1659"}],"wp:term":[{"taxonomy":"category","embeddable":true,"href":"http:\/\/valderdre.fr\/wrdp\/wp-json\/wp\/v2\/categories?post=1659"},{"taxonomy":"post_tag","embeddable":true,"href":"http:\/\/valderdre.fr\/wrdp\/wp-json\/wp\/v2\/tags?post=1659"}],"curies":[{"name":"wp","href":"https:\/\/api.w.org\/{rel}","templated":true}]}}