{"id":1629,"date":"2023-11-20T21:49:45","date_gmt":"2023-11-20T20:49:45","guid":{"rendered":"http:\/\/valderdre.fr\/wrdp\/?p=1629"},"modified":"2023-11-20T22:01:27","modified_gmt":"2023-11-20T21:01:27","slug":"assechement-du-lac-de-vioreau","status":"publish","type":"post","link":"http:\/\/valderdre.fr\/wrdp\/assechement-du-lac-de-vioreau\/","title":{"rendered":"Ass\u00e8chement du lac de Vioreau"},"content":{"rendered":"<p><img loading=\"lazy\" decoding=\"async\" class=\"alignleft wp-image-1631 size-thumbnail\" src=\"http:\/\/valderdre.fr\/wrdp\/wp-content\/uploads\/DSCF5531-200x150.jpg\" alt=\"\" width=\"200\" height=\"150\" srcset=\"http:\/\/valderdre.fr\/wrdp\/wp-content\/uploads\/DSCF5531-200x150.jpg 200w, http:\/\/valderdre.fr\/wrdp\/wp-content\/uploads\/DSCF5531-300x225.jpg 300w, http:\/\/valderdre.fr\/wrdp\/wp-content\/uploads\/DSCF5531-1024x768.jpg 1024w, http:\/\/valderdre.fr\/wrdp\/wp-content\/uploads\/DSCF5531-768x576.jpg 768w, http:\/\/valderdre.fr\/wrdp\/wp-content\/uploads\/DSCF5531-1536x1152.jpg 1536w, http:\/\/valderdre.fr\/wrdp\/wp-content\/uploads\/DSCF5531-2048x1536.jpg 2048w, http:\/\/valderdre.fr\/wrdp\/wp-content\/uploads\/DSCF5531-24x18.jpg 24w, http:\/\/valderdre.fr\/wrdp\/wp-content\/uploads\/DSCF5531-36x27.jpg 36w, http:\/\/valderdre.fr\/wrdp\/wp-content\/uploads\/DSCF5531-48x36.jpg 48w\" sizes=\"auto, (max-width: 200px) 100vw, 200px\" \/>Le<strong> lac de Vioreau,<\/strong> situ\u00e9 \u00e0 Jou\u00e9-sur-Erdre, fait actuellement l\u2019objet d\u2019un important projet de modernisation.<\/p>\n<p>Le projet a d\u00e9but\u00e9 en novembre 2022 par l\u2019ass\u00e8chement du lac, un processus appel\u00e9 \u00ab<strong> mise en assec<\/strong> \u00bb. C\u2019\u00e9tait n\u00e9cessaire pour que les travaux puissent aller de l\u2019avant.<\/p>\n<p>Depuis la vidange du r\u00e9servoir, le lac est en assec, et il est strictement interdit de circuler sur l\u2019eau et les berges pour des raisons de s\u00e9curit\u00e9 et de pr\u00e9servation de l\u2019environnement.<br \/>\nLe lac est un site class\u00e9 Natura 2000.<\/p>\n<p>La modernisation du barrage comprend la correction de certaines faiblesses structurelles et l\u2019\u00e9l\u00e9vation de la structure pour r\u00e9tablir le niveau d\u2019origine du r\u00e9servoir.<\/p>\n<p>Cela permettra d\u2019assurer l\u2019approvisionnement \u00e0 long terme du canal, d\u2019accueillir de nouveaux usages potentiels, de maintenir des niveaux d\u2019eau suffisants pour pr\u00e9server les \u00e9quilibres \u00e9cologiques et de garantir l\u2019exercice des usages connexes sur le plan d\u2019eau (base nautique et activit\u00e9s r\u00e9cr\u00e9atives).<\/p>\n<p>Le projet, dont le co\u00fbt est estim\u00e9 \u00e0 16,5 millions d\u2019euros, devrait \u00eatre achev\u00e9 d\u2019ici la fin de l\u2019ann\u00e9e 2023.<\/p>\n<p>Durant cette p\u00e9riode, la navigation sur le canal est interrompue entre les \u00e9cluses de Melneuf (Guenrou\u00ebt) et de Quiheix (Nort-sur-Erdre).<\/p>\n<p style=\"text-align: center;\"><span style=\"font-size: 14pt; color: #0000ff;\"><em><strong>Quelques unes des photos prises en mars 2023<br \/>\n<\/strong><\/em><\/span><\/p>\n<table style=\"border-collapse: collapse; width: 100%;\">\n<tbody>\n<tr>\n<td style=\"width: 33.3333%;\"><img loading=\"lazy\" decoding=\"async\" class=\"alignnone size-medium wp-image-1639 aligncenter\" src=\"http:\/\/valderdre.fr\/wrdp\/wp-content\/uploads\/DSCF5529-300x225.jpg\" alt=\"\" width=\"300\" height=\"225\" srcset=\"http:\/\/valderdre.fr\/wrdp\/wp-content\/uploads\/DSCF5529-300x225.jpg 300w, http:\/\/valderdre.fr\/wrdp\/wp-content\/uploads\/DSCF5529-1024x768.jpg 1024w, http:\/\/valderdre.fr\/wrdp\/wp-content\/uploads\/DSCF5529-200x150.jpg 200w, http:\/\/valderdre.fr\/wrdp\/wp-content\/uploads\/DSCF5529-768x576.jpg 768w, http:\/\/valderdre.fr\/wrdp\/wp-content\/uploads\/DSCF5529-1536x1152.jpg 1536w, http:\/\/valderdre.fr\/wrdp\/wp-content\/uploads\/DSCF5529-2048x1536.jpg 2048w, http:\/\/valderdre.fr\/wrdp\/wp-content\/uploads\/DSCF5529-24x18.jpg 24w, http:\/\/valderdre.fr\/wrdp\/wp-content\/uploads\/DSCF5529-36x27.jpg 36w, http:\/\/valderdre.fr\/wrdp\/wp-content\/uploads\/DSCF5529-48x36.jpg 48w\" sizes=\"auto, (max-width: 300px) 100vw, 300px\" \/><\/td>\n<td style=\"width: 33.3333%;\"><img loading=\"lazy\" decoding=\"async\" class=\"alignnone size-medium wp-image-1638 aligncenter\" src=\"http:\/\/valderdre.fr\/wrdp\/wp-content\/uploads\/DSCF5528-300x225.jpg\" alt=\"\" width=\"300\" height=\"225\" srcset=\"http:\/\/valderdre.fr\/wrdp\/wp-content\/uploads\/DSCF5528-300x225.jpg 300w, http:\/\/valderdre.fr\/wrdp\/wp-content\/uploads\/DSCF5528-1024x768.jpg 1024w, http:\/\/valderdre.fr\/wrdp\/wp-content\/uploads\/DSCF5528-200x150.jpg 200w, http:\/\/valderdre.fr\/wrdp\/wp-content\/uploads\/DSCF5528-768x576.jpg 768w, http:\/\/valderdre.fr\/wrdp\/wp-content\/uploads\/DSCF5528-1536x1152.jpg 1536w, http:\/\/valderdre.fr\/wrdp\/wp-content\/uploads\/DSCF5528-2048x1536.jpg 2048w, http:\/\/valderdre.fr\/wrdp\/wp-content\/uploads\/DSCF5528-24x18.jpg 24w, http:\/\/valderdre.fr\/wrdp\/wp-content\/uploads\/DSCF5528-36x27.jpg 36w, http:\/\/valderdre.fr\/wrdp\/wp-content\/uploads\/DSCF5528-48x36.jpg 48w\" sizes=\"auto, (max-width: 300px) 100vw, 300px\" \/><\/td>\n<td style=\"width: 33.3333%;\"><img loading=\"lazy\" decoding=\"async\" class=\"alignnone size-medium wp-image-1637 aligncenter\" src=\"http:\/\/valderdre.fr\/wrdp\/wp-content\/uploads\/DSCF5524-300x225.jpg\" alt=\"\" width=\"300\" height=\"225\" srcset=\"http:\/\/valderdre.fr\/wrdp\/wp-content\/uploads\/DSCF5524-300x225.jpg 300w, http:\/\/valderdre.fr\/wrdp\/wp-content\/uploads\/DSCF5524-1024x768.jpg 1024w, http:\/\/valderdre.fr\/wrdp\/wp-content\/uploads\/DSCF5524-200x150.jpg 200w, http:\/\/valderdre.fr\/wrdp\/wp-content\/uploads\/DSCF5524-768x576.jpg 768w, http:\/\/valderdre.fr\/wrdp\/wp-content\/uploads\/DSCF5524-1536x1152.jpg 1536w, http:\/\/valderdre.fr\/wrdp\/wp-content\/uploads\/DSCF5524-2048x1536.jpg 2048w, http:\/\/valderdre.fr\/wrdp\/wp-content\/uploads\/DSCF5524-24x18.jpg 24w, http:\/\/valderdre.fr\/wrdp\/wp-content\/uploads\/DSCF5524-36x27.jpg 36w, http:\/\/valderdre.fr\/wrdp\/wp-content\/uploads\/DSCF5524-48x36.jpg 48w\" sizes=\"auto, (max-width: 300px) 100vw, 300px\" \/><\/td>\n<\/tr>\n<tr>\n<td style=\"width: 33.3333%;\"><img loading=\"lazy\" decoding=\"async\" class=\"alignnone size-medium wp-image-1634 aligncenter\" src=\"http:\/\/valderdre.fr\/wrdp\/wp-content\/uploads\/DSCF5518-300x225.jpg\" alt=\"\" width=\"300\" height=\"225\" srcset=\"http:\/\/valderdre.fr\/wrdp\/wp-content\/uploads\/DSCF5518-300x225.jpg 300w, http:\/\/valderdre.fr\/wrdp\/wp-content\/uploads\/DSCF5518-1024x768.jpg 1024w, http:\/\/valderdre.fr\/wrdp\/wp-content\/uploads\/DSCF5518-200x150.jpg 200w, http:\/\/valderdre.fr\/wrdp\/wp-content\/uploads\/DSCF5518-768x576.jpg 768w, http:\/\/valderdre.fr\/wrdp\/wp-content\/uploads\/DSCF5518-1536x1152.jpg 1536w, http:\/\/valderdre.fr\/wrdp\/wp-content\/uploads\/DSCF5518-2048x1536.jpg 2048w, http:\/\/valderdre.fr\/wrdp\/wp-content\/uploads\/DSCF5518-24x18.jpg 24w, http:\/\/valderdre.fr\/wrdp\/wp-content\/uploads\/DSCF5518-36x27.jpg 36w, http:\/\/valderdre.fr\/wrdp\/wp-content\/uploads\/DSCF5518-48x36.jpg 48w\" sizes=\"auto, (max-width: 300px) 100vw, 300px\" \/><\/td>\n<td style=\"width: 33.3333%;\"><img loading=\"lazy\" decoding=\"async\" class=\"alignnone size-medium wp-image-1636 aligncenter\" src=\"http:\/\/valderdre.fr\/wrdp\/wp-content\/uploads\/DSCF5523-300x225.jpg\" alt=\"\" width=\"300\" height=\"225\" srcset=\"http:\/\/valderdre.fr\/wrdp\/wp-content\/uploads\/DSCF5523-300x225.jpg 300w, http:\/\/valderdre.fr\/wrdp\/wp-content\/uploads\/DSCF5523-1024x768.jpg 1024w, http:\/\/valderdre.fr\/wrdp\/wp-content\/uploads\/DSCF5523-200x150.jpg 200w, http:\/\/valderdre.fr\/wrdp\/wp-content\/uploads\/DSCF5523-768x576.jpg 768w, http:\/\/valderdre.fr\/wrdp\/wp-content\/uploads\/DSCF5523-1536x1152.jpg 1536w, http:\/\/valderdre.fr\/wrdp\/wp-content\/uploads\/DSCF5523-2048x1536.jpg 2048w, http:\/\/valderdre.fr\/wrdp\/wp-content\/uploads\/DSCF5523-24x18.jpg 24w, http:\/\/valderdre.fr\/wrdp\/wp-content\/uploads\/DSCF5523-36x27.jpg 36w, http:\/\/valderdre.fr\/wrdp\/wp-content\/uploads\/DSCF5523-48x36.jpg 48w\" sizes=\"auto, (max-width: 300px) 100vw, 300px\" \/><\/td>\n<td style=\"width: 33.3333%;\"><img loading=\"lazy\" decoding=\"async\" class=\"alignnone size-medium wp-image-1630 aligncenter\" src=\"http:\/\/valderdre.fr\/wrdp\/wp-content\/uploads\/DSCF5521-300x225.jpg\" alt=\"\" width=\"300\" height=\"225\" srcset=\"http:\/\/valderdre.fr\/wrdp\/wp-content\/uploads\/DSCF5521-300x225.jpg 300w, http:\/\/valderdre.fr\/wrdp\/wp-content\/uploads\/DSCF5521-1024x768.jpg 1024w, http:\/\/valderdre.fr\/wrdp\/wp-content\/uploads\/DSCF5521-200x150.jpg 200w, http:\/\/valderdre.fr\/wrdp\/wp-content\/uploads\/DSCF5521-768x576.jpg 768w, http:\/\/valderdre.fr\/wrdp\/wp-content\/uploads\/DSCF5521-1536x1152.jpg 1536w, http:\/\/valderdre.fr\/wrdp\/wp-content\/uploads\/DSCF5521-2048x1536.jpg 2048w, http:\/\/valderdre.fr\/wrdp\/wp-content\/uploads\/DSCF5521-24x18.jpg 24w, http:\/\/valderdre.fr\/wrdp\/wp-content\/uploads\/DSCF5521-36x27.jpg 36w, http:\/\/valderdre.fr\/wrdp\/wp-content\/uploads\/DSCF5521-48x36.jpg 48w\" sizes=\"auto, (max-width: 300px) 100vw, 300px\" \/><\/td>\n<\/tr>\n<\/tbody>\n<\/table>\n","protected":false},"excerpt":{"rendered":"<p>Le lac de Vioreau, situ\u00e9 \u00e0 Jou\u00e9-sur-Erdre, fait actuellement l\u2019objet d\u2019un important projet de modernisation. Le projet a d\u00e9but\u00e9 en novembre 2022 par l\u2019ass\u00e8chement du lac, un processus appel\u00e9 \u00ab mise en assec \u00bb. C\u2019\u00e9tait n\u00e9cessaire pour que les travaux puissent aller de l\u2019avant. Depuis la vidange du r\u00e9servoir, le lac est en assec, et il est strictement interdit de&#46;&#46;&#46;<\/p>\n","protected":false},"author":1,"featured_media":1630,"comment_status":"open","ping_status":"open","sticky":false,"template":"","format":"standard","meta":{"footnotes":""},"categories":[5],"tags":[],"class_list":["post-1629","post","type-post","status-publish","format-standard","has-post-thumbnail","hentry","category-le-canal"],"views":1210,"_links":{"self":[{"href":"http:\/\/valderdre.fr\/wrdp\/wp-json\/wp\/v2\/posts\/1629","targetHints":{"allow":["GET"]}}],"collection":[{"href":"http:\/\/valderdre.fr\/wrdp\/wp-json\/wp\/v2\/posts"}],"about":[{"href":"http:\/\/valderdre.fr\/wrdp\/wp-json\/wp\/v2\/types\/post"}],"author":[{"embeddable":true,"href":"http:\/\/valderdre.fr\/wrdp\/wp-json\/wp\/v2\/users\/1"}],"replies":[{"embeddable":true,"href":"http:\/\/valderdre.fr\/wrdp\/wp-json\/wp\/v2\/comments?post=1629"}],"version-history":[{"count":5,"href":"http:\/\/valderdre.fr\/wrdp\/wp-json\/wp\/v2\/posts\/1629\/revisions"}],"predecessor-version":[{"id":1642,"href":"http:\/\/valderdre.fr\/wrdp\/wp-json\/wp\/v2\/posts\/1629\/revisions\/1642"}],"wp:featuredmedia":[{"embeddable":true,"href":"http:\/\/valderdre.fr\/wrdp\/wp-json\/wp\/v2\/media\/1630"}],"wp:attachment":[{"href":"http:\/\/valderdre.fr\/wrdp\/wp-json\/wp\/v2\/media?parent=1629"}],"wp:term":[{"taxonomy":"category","embeddable":true,"href":"http:\/\/valderdre.fr\/wrdp\/wp-json\/wp\/v2\/categories?post=1629"},{"taxonomy":"post_tag","embeddable":true,"href":"http:\/\/valderdre.fr\/wrdp\/wp-json\/wp\/v2\/tags?post=1629"}],"curies":[{"name":"wp","href":"https:\/\/api.w.org\/{rel}","templated":true}]}}