{"id":1608,"date":"2022-08-22T15:36:12","date_gmt":"2022-08-22T13:36:12","guid":{"rendered":"http:\/\/valderdre.fr\/wrdp\/?p=1608"},"modified":"2022-08-22T15:39:26","modified_gmt":"2022-08-22T13:39:26","slug":"rdv-erdre-2022","status":"publish","type":"post","link":"http:\/\/valderdre.fr\/wrdp\/rdv-erdre-2022\/","title":{"rendered":"Les Rendez-vous de l&rsquo;Erdre 2022"},"content":{"rendered":"<h2><img loading=\"lazy\" decoding=\"async\" class=\"wp-image-1609 size-medium alignleft\" src=\"http:\/\/valderdre.fr\/wrdp\/wp-content\/uploads\/RDVE_2022-200x300.jpg\" alt=\"\" width=\"200\" height=\"300\" srcset=\"http:\/\/valderdre.fr\/wrdp\/wp-content\/uploads\/RDVE_2022-200x300.jpg 200w, http:\/\/valderdre.fr\/wrdp\/wp-content\/uploads\/RDVE_2022-133x200.jpg 133w, http:\/\/valderdre.fr\/wrdp\/wp-content\/uploads\/RDVE_2022-16x24.jpg 16w, http:\/\/valderdre.fr\/wrdp\/wp-content\/uploads\/RDVE_2022-24x36.jpg 24w, http:\/\/valderdre.fr\/wrdp\/wp-content\/uploads\/RDVE_2022-32x48.jpg 32w, http:\/\/valderdre.fr\/wrdp\/wp-content\/uploads\/RDVE_2022.jpg 683w\" sizes=\"auto, (max-width: 200px) 100vw, 200px\" \/>36<sup>e<\/sup>\u00a0\u00e9dition du 22 au 28 ao\u00fbt 2022<\/h2>\n<div class=\"row\">\n<div class=\"col l9\">\n<p><b>Du 22 au 28 ao\u00fbt 2022,<\/b>\u00a0rendez-vous pour f\u00eater le jazz et la Belle plaisance \u00e0 l\u2019occasion de la\u00a0<b>36e \u00e9dition du festival Les Rendez-vous de l\u2019Erdre !\u00a0<\/b>Implant\u00e9\u00a0<b>\u00e0 Nantes et le long de l\u2019Erdre et du canal de Nantes \u00e0 Brest,<\/b>\u00a0le festival s\u2019\u00e9tend cette ann\u00e9e \u00e0 une\u00a0<b>nouvelle commune, celle de S\u00e9verac.<\/b>\u00a0Au total, ce sont donc 14 villes qui accueillent les quelques 120 concerts et 200 bateaux, port\u00e9s par plus de 300 musiciens et 600 plaisanciers !<\/p>\n<p><b>Apr\u00e8s deux ann\u00e9es d\u2019adaptation, le festival retrouvera sa forme habituelle\u00a0<\/b>dans l\u2019ensemble des communes et revient sur les quais avec la dimension festive et conviviale qu\u2019on lui connait !\u00a0<b>\u00c0 Nantes, le c\u0153ur du festival sera situ\u00e9 \u00e0 nouveau sur les quais de l\u2019Erdre<\/b>\u00a0du vendredi 26 au dimanche 28 ao\u00fbt, avec l\u2019installation des villages (stands de restauration et bars tenus par les associations solidaires et les commer\u00e7ants partenaires, mais aussi la bourse aux disques !), l\u2019accueil de la\u00a0<b>flottille de la Belle plaisance<\/b>\u00a0le samedi apr\u00e8s-midi jusqu\u2019au dimanche matin au\u00a0<b>Bassin Ceineray,<\/b>\u00a0et les 6 sc\u00e8nes (nautique, Sully, Talents Jazz en Loire-Atlantique, Blues, Souris Verte et France Bleu Loire Oc\u00e9an), pr\u00e9sentant toute la diversit\u00e9 du jazz d\u2019aujourd\u2019hui.<\/p>\n<p><b>Nouveaut\u00e9s :<\/b>\u00a0pour cette 36e \u00e9dition, la\u00a0<b>sc\u00e8ne Mix Jazz<\/b>\u00a0se d\u00e9place et investit les\u00a0<b>douves du Ch\u00e2teau des ducs de Bretagne<\/b>\u00a0pour une \u00e9coute et un confort am\u00e9lior\u00e9s, tandis que la\u00a0<b>sc\u00e8ne Swing<\/b>\u00a0prend ses quartiers sur le\u00a0<b>parvis de la Cit\u00e9 des Congr\u00e8s,<\/b>\u00a0un espace id\u00e9al notamment pour les amateurs de danse swing. Deux \u00e9tapes suppl\u00e9mentaires d\u2019un parcours Jazz dans la ville qui s\u2019\u00e9tend de l\u2019\u00eele de Versailles \u00e0 l\u2019\u00e9cluse St-F\u00e9lix !<\/p>\n<p><b>Les \u00e9quipages de bateaux de patrimoine<\/b>\u00a0r\u00e9v\u00e9lateurs de la m\u00e9moire de l\u2019Erdre et de la navigation fluviale, se r\u00e9uniront pour partager leur passion commune et parcourir les 28 km de l\u2019Erdre navigable. Certains bateaux entameront le p\u00e9riple un peu plus t\u00f4t en parcourant le dernier bief du canal de Nantes \u00e0 Brest. Cette ann\u00e9e, les\u00a0<b>canots basse-indrais<\/b>\u00a0seront mis \u00e0 l\u2019honneur. Ces bateaux, construits \u00e0 partir des ann\u00e9es 1860 par des p\u00eacheurs, se sont d\u00e9velopp\u00e9s ensuite entre Trentemoult et Saint-Nazaire. Utilis\u00e9s pour la p\u00eache pendant la semaine, ils participaient \u00e9galement \u00e0 des r\u00e9gates le week-end ! Leur voilure importante et leur faible tirant d\u2019eau leur permettaient de naviguer en Loire et en mer. Quelques repr\u00e9sentants seront pr\u00e9sents au festival et notamment\u00a0<b>Th\u00e9tis<\/b>, bateau appartenant \u00e0 la Cale 2 l\u2019\u00eele et restaur\u00e9 tr\u00e8s r\u00e9cemment !<\/p>\n<p><a href=\"http:\/\/www.rendezvouserdre.com\/\">Article http:\/\/www.rendezvouserdre.com\/<\/a><\/p>\n<\/div>\n<\/div>\n","protected":false},"excerpt":{"rendered":"<p>36e\u00a0\u00e9dition du 22 au 28 ao\u00fbt 2022 Du 22 au 28 ao\u00fbt 2022,\u00a0rendez-vous pour f\u00eater le jazz et la Belle plaisance \u00e0 l\u2019occasion de la\u00a036e \u00e9dition du festival Les Rendez-vous de l\u2019Erdre !\u00a0Implant\u00e9\u00a0\u00e0 Nantes et le long de l\u2019Erdre et du canal de Nantes \u00e0 Brest,\u00a0le festival s\u2019\u00e9tend cette ann\u00e9e \u00e0 une\u00a0nouvelle commune, celle de S\u00e9verac.\u00a0Au total, ce sont donc&#46;&#46;&#46;<\/p>\n","protected":false},"author":1,"featured_media":1609,"comment_status":"open","ping_status":"open","sticky":false,"template":"","format":"standard","meta":{"footnotes":""},"categories":[11],"tags":[],"class_list":["post-1608","post","type-post","status-publish","format-standard","has-post-thumbnail","hentry","category-lerdre"],"views":1458,"_links":{"self":[{"href":"http:\/\/valderdre.fr\/wrdp\/wp-json\/wp\/v2\/posts\/1608","targetHints":{"allow":["GET"]}}],"collection":[{"href":"http:\/\/valderdre.fr\/wrdp\/wp-json\/wp\/v2\/posts"}],"about":[{"href":"http:\/\/valderdre.fr\/wrdp\/wp-json\/wp\/v2\/types\/post"}],"author":[{"embeddable":true,"href":"http:\/\/valderdre.fr\/wrdp\/wp-json\/wp\/v2\/users\/1"}],"replies":[{"embeddable":true,"href":"http:\/\/valderdre.fr\/wrdp\/wp-json\/wp\/v2\/comments?post=1608"}],"version-history":[{"count":4,"href":"http:\/\/valderdre.fr\/wrdp\/wp-json\/wp\/v2\/posts\/1608\/revisions"}],"predecessor-version":[{"id":1613,"href":"http:\/\/valderdre.fr\/wrdp\/wp-json\/wp\/v2\/posts\/1608\/revisions\/1613"}],"wp:featuredmedia":[{"embeddable":true,"href":"http:\/\/valderdre.fr\/wrdp\/wp-json\/wp\/v2\/media\/1609"}],"wp:attachment":[{"href":"http:\/\/valderdre.fr\/wrdp\/wp-json\/wp\/v2\/media?parent=1608"}],"wp:term":[{"taxonomy":"category","embeddable":true,"href":"http:\/\/valderdre.fr\/wrdp\/wp-json\/wp\/v2\/categories?post=1608"},{"taxonomy":"post_tag","embeddable":true,"href":"http:\/\/valderdre.fr\/wrdp\/wp-json\/wp\/v2\/tags?post=1608"}],"curies":[{"name":"wp","href":"https:\/\/api.w.org\/{rel}","templated":true}]}}