{"id":1594,"date":"2022-04-27T21:54:08","date_gmt":"2022-04-27T19:54:08","guid":{"rendered":"http:\/\/valderdre.fr\/wrdp\/?p=1594"},"modified":"2022-04-27T21:56:30","modified_gmt":"2022-04-27T19:56:30","slug":"nort-sur-erdre-passerelle-du-port","status":"publish","type":"post","link":"http:\/\/valderdre.fr\/wrdp\/nort-sur-erdre-passerelle-du-port\/","title":{"rendered":"Nort-sur-Erdre : Passerelle du Port"},"content":{"rendered":"<p><img loading=\"lazy\" decoding=\"async\" class=\"size-medium wp-image-1600 alignleft\" src=\"http:\/\/valderdre.fr\/wrdp\/wp-content\/uploads\/IMG_20220427_143409-300x135.jpg\" alt=\"\" width=\"300\" height=\"135\" srcset=\"http:\/\/valderdre.fr\/wrdp\/wp-content\/uploads\/IMG_20220427_143409-300x135.jpg 300w, http:\/\/valderdre.fr\/wrdp\/wp-content\/uploads\/IMG_20220427_143409-1024x461.jpg 1024w, http:\/\/valderdre.fr\/wrdp\/wp-content\/uploads\/IMG_20220427_143409-200x90.jpg 200w, http:\/\/valderdre.fr\/wrdp\/wp-content\/uploads\/IMG_20220427_143409-768x346.jpg 768w, http:\/\/valderdre.fr\/wrdp\/wp-content\/uploads\/IMG_20220427_143409-1536x691.jpg 1536w, http:\/\/valderdre.fr\/wrdp\/wp-content\/uploads\/IMG_20220427_143409-2048x922.jpg 2048w, http:\/\/valderdre.fr\/wrdp\/wp-content\/uploads\/IMG_20220427_143409-24x11.jpg 24w, http:\/\/valderdre.fr\/wrdp\/wp-content\/uploads\/IMG_20220427_143409-36x16.jpg 36w, http:\/\/valderdre.fr\/wrdp\/wp-content\/uploads\/IMG_20220427_143409-48x22.jpg 48w\" sizes=\"auto, (max-width: 300px) 100vw, 300px\" \/>Les travaux d\u2019installation de la passerelle reliant les deux rives de l\u2019Erdre au niveau du port de plaisance sont en cours de r\u00e9alisation.<\/p>\n<p>Elle sera d\u2019environ 25\u00a0m\u00e8tres de long et 2\u00a0m\u00e8tres de large, afin de permettre \u00e0 la fois la circulation des pi\u00e9tons, des personnes \u00e0 mobilit\u00e9 r\u00e9duite et des cyclistes pied \u00e0 terre. Les abords de la passerelle seront \u00e9galement am\u00e9nag\u00e9s. Engazonnement, plantations, installation d\u2019arceaux v\u00e9lo, et bancs : tout est pr\u00e9vu pour en faire un bel espace.<\/p>\n<p>La passerelle sera inaugur\u00e9e d\u00e9but mai, avec des animations sur le port. \u00ab\u00a0<strong>Elle permettra de valoriser les espaces autour du port et de relier \u00e0 pied le Quai Saint-Georges, au niveau de l\u2019Office de tourisme, et la place du Bassin.<\/strong><\/p>\n<p>Elle a pour vocation principale de faciliter et favoriser la travers\u00e9e pi\u00e9tonne, tout en conservant le passage des bateaux sur l\u2019Erdre.<\/p>\n<p>Ce nouvel \u00e9quipement pourra s\u2019ouvrir pour permettre la circulation des bateaux, et fera le lien entre les quartiers est de la ville, le centre-ville, les commerces et les diff\u00e9rentes zones d\u2019animation.<\/p>\n<p>Le co\u00fbt total de l\u2019op\u00e9ration est de 379\u00a0000\u00a0\u20ac HT et b\u00e9n\u00e9ficie du soutien de l\u2019\u00c9tat, dans le cadre du plan France relance (170\u00a0000\u00a0\u20ac HT), et de la communaut\u00e9 de communes Erdre et Gesvres, dans le cadre des fonds de concours exceptionnels (114\u00a0000\u00a0\u20ac HT).<\/p>\n<table style=\"border-collapse: collapse; width: 100%;\">\n<tbody>\n<tr>\n<td style=\"width: 50%;\"><img loading=\"lazy\" decoding=\"async\" class=\"alignnone size-medium wp-image-1598 aligncenter\" src=\"http:\/\/valderdre.fr\/wrdp\/wp-content\/uploads\/IMG_20220419_113552-300x135.jpg\" alt=\"\" width=\"300\" height=\"135\" srcset=\"http:\/\/valderdre.fr\/wrdp\/wp-content\/uploads\/IMG_20220419_113552-300x135.jpg 300w, http:\/\/valderdre.fr\/wrdp\/wp-content\/uploads\/IMG_20220419_113552-1024x461.jpg 1024w, http:\/\/valderdre.fr\/wrdp\/wp-content\/uploads\/IMG_20220419_113552-200x90.jpg 200w, http:\/\/valderdre.fr\/wrdp\/wp-content\/uploads\/IMG_20220419_113552-768x346.jpg 768w, http:\/\/valderdre.fr\/wrdp\/wp-content\/uploads\/IMG_20220419_113552-1536x691.jpg 1536w, http:\/\/valderdre.fr\/wrdp\/wp-content\/uploads\/IMG_20220419_113552-2048x922.jpg 2048w, http:\/\/valderdre.fr\/wrdp\/wp-content\/uploads\/IMG_20220419_113552-24x11.jpg 24w, http:\/\/valderdre.fr\/wrdp\/wp-content\/uploads\/IMG_20220419_113552-36x16.jpg 36w, http:\/\/valderdre.fr\/wrdp\/wp-content\/uploads\/IMG_20220419_113552-48x22.jpg 48w\" sizes=\"auto, (max-width: 300px) 100vw, 300px\" \/><\/td>\n<td style=\"width: 50%;\"><img loading=\"lazy\" decoding=\"async\" class=\"alignnone size-medium wp-image-1600 aligncenter\" src=\"http:\/\/valderdre.fr\/wrdp\/wp-content\/uploads\/IMG_20220427_143409-300x135.jpg\" alt=\"\" width=\"300\" height=\"135\" srcset=\"http:\/\/valderdre.fr\/wrdp\/wp-content\/uploads\/IMG_20220427_143409-300x135.jpg 300w, http:\/\/valderdre.fr\/wrdp\/wp-content\/uploads\/IMG_20220427_143409-1024x461.jpg 1024w, http:\/\/valderdre.fr\/wrdp\/wp-content\/uploads\/IMG_20220427_143409-200x90.jpg 200w, http:\/\/valderdre.fr\/wrdp\/wp-content\/uploads\/IMG_20220427_143409-768x346.jpg 768w, http:\/\/valderdre.fr\/wrdp\/wp-content\/uploads\/IMG_20220427_143409-1536x691.jpg 1536w, http:\/\/valderdre.fr\/wrdp\/wp-content\/uploads\/IMG_20220427_143409-2048x922.jpg 2048w, http:\/\/valderdre.fr\/wrdp\/wp-content\/uploads\/IMG_20220427_143409-24x11.jpg 24w, http:\/\/valderdre.fr\/wrdp\/wp-content\/uploads\/IMG_20220427_143409-36x16.jpg 36w, http:\/\/valderdre.fr\/wrdp\/wp-content\/uploads\/IMG_20220427_143409-48x22.jpg 48w\" sizes=\"auto, (max-width: 300px) 100vw, 300px\" \/><\/td>\n<\/tr>\n<tr>\n<td style=\"width: 50%;\"><img loading=\"lazy\" decoding=\"async\" class=\"alignnone size-medium wp-image-1602 aligncenter\" src=\"http:\/\/valderdre.fr\/wrdp\/wp-content\/uploads\/IMG_20220427_143559-300x135.jpg\" alt=\"\" width=\"300\" height=\"135\" srcset=\"http:\/\/valderdre.fr\/wrdp\/wp-content\/uploads\/IMG_20220427_143559-300x135.jpg 300w, http:\/\/valderdre.fr\/wrdp\/wp-content\/uploads\/IMG_20220427_143559-1024x461.jpg 1024w, http:\/\/valderdre.fr\/wrdp\/wp-content\/uploads\/IMG_20220427_143559-200x90.jpg 200w, http:\/\/valderdre.fr\/wrdp\/wp-content\/uploads\/IMG_20220427_143559-768x346.jpg 768w, http:\/\/valderdre.fr\/wrdp\/wp-content\/uploads\/IMG_20220427_143559-1536x691.jpg 1536w, http:\/\/valderdre.fr\/wrdp\/wp-content\/uploads\/IMG_20220427_143559-2048x922.jpg 2048w, http:\/\/valderdre.fr\/wrdp\/wp-content\/uploads\/IMG_20220427_143559-24x11.jpg 24w, http:\/\/valderdre.fr\/wrdp\/wp-content\/uploads\/IMG_20220427_143559-36x16.jpg 36w, http:\/\/valderdre.fr\/wrdp\/wp-content\/uploads\/IMG_20220427_143559-48x22.jpg 48w\" sizes=\"auto, (max-width: 300px) 100vw, 300px\" \/><\/td>\n<td style=\"width: 50%;\"><img loading=\"lazy\" decoding=\"async\" class=\"alignnone size-medium wp-image-1598 aligncenter\" src=\"http:\/\/valderdre.fr\/wrdp\/wp-content\/uploads\/IMG_20220419_113552-300x135.jpg\" alt=\"\" width=\"300\" height=\"135\" srcset=\"http:\/\/valderdre.fr\/wrdp\/wp-content\/uploads\/IMG_20220419_113552-300x135.jpg 300w, http:\/\/valderdre.fr\/wrdp\/wp-content\/uploads\/IMG_20220419_113552-1024x461.jpg 1024w, http:\/\/valderdre.fr\/wrdp\/wp-content\/uploads\/IMG_20220419_113552-200x90.jpg 200w, http:\/\/valderdre.fr\/wrdp\/wp-content\/uploads\/IMG_20220419_113552-768x346.jpg 768w, http:\/\/valderdre.fr\/wrdp\/wp-content\/uploads\/IMG_20220419_113552-1536x691.jpg 1536w, http:\/\/valderdre.fr\/wrdp\/wp-content\/uploads\/IMG_20220419_113552-2048x922.jpg 2048w, http:\/\/valderdre.fr\/wrdp\/wp-content\/uploads\/IMG_20220419_113552-24x11.jpg 24w, http:\/\/valderdre.fr\/wrdp\/wp-content\/uploads\/IMG_20220419_113552-36x16.jpg 36w, http:\/\/valderdre.fr\/wrdp\/wp-content\/uploads\/IMG_20220419_113552-48x22.jpg 48w\" sizes=\"auto, (max-width: 300px) 100vw, 300px\" \/><\/td>\n<\/tr>\n<tr>\n<td style=\"width: 50%;\"><img loading=\"lazy\" decoding=\"async\" class=\"alignnone size-medium wp-image-1600 aligncenter\" src=\"http:\/\/valderdre.fr\/wrdp\/wp-content\/uploads\/IMG_20220427_143409-300x135.jpg\" alt=\"\" width=\"300\" height=\"135\" srcset=\"http:\/\/valderdre.fr\/wrdp\/wp-content\/uploads\/IMG_20220427_143409-300x135.jpg 300w, http:\/\/valderdre.fr\/wrdp\/wp-content\/uploads\/IMG_20220427_143409-1024x461.jpg 1024w, http:\/\/valderdre.fr\/wrdp\/wp-content\/uploads\/IMG_20220427_143409-200x90.jpg 200w, http:\/\/valderdre.fr\/wrdp\/wp-content\/uploads\/IMG_20220427_143409-768x346.jpg 768w, http:\/\/valderdre.fr\/wrdp\/wp-content\/uploads\/IMG_20220427_143409-1536x691.jpg 1536w, http:\/\/valderdre.fr\/wrdp\/wp-content\/uploads\/IMG_20220427_143409-2048x922.jpg 2048w, http:\/\/valderdre.fr\/wrdp\/wp-content\/uploads\/IMG_20220427_143409-24x11.jpg 24w, http:\/\/valderdre.fr\/wrdp\/wp-content\/uploads\/IMG_20220427_143409-36x16.jpg 36w, http:\/\/valderdre.fr\/wrdp\/wp-content\/uploads\/IMG_20220427_143409-48x22.jpg 48w\" sizes=\"auto, (max-width: 300px) 100vw, 300px\" \/><\/td>\n<td style=\"width: 50%;\"><img loading=\"lazy\" decoding=\"async\" class=\"alignnone size-medium wp-image-1601 aligncenter\" src=\"http:\/\/valderdre.fr\/wrdp\/wp-content\/uploads\/IMG_20220427_143439-300x135.jpg\" alt=\"\" width=\"300\" height=\"135\" srcset=\"http:\/\/valderdre.fr\/wrdp\/wp-content\/uploads\/IMG_20220427_143439-300x135.jpg 300w, http:\/\/valderdre.fr\/wrdp\/wp-content\/uploads\/IMG_20220427_143439-1024x461.jpg 1024w, http:\/\/valderdre.fr\/wrdp\/wp-content\/uploads\/IMG_20220427_143439-200x90.jpg 200w, http:\/\/valderdre.fr\/wrdp\/wp-content\/uploads\/IMG_20220427_143439-768x346.jpg 768w, http:\/\/valderdre.fr\/wrdp\/wp-content\/uploads\/IMG_20220427_143439-1536x691.jpg 1536w, http:\/\/valderdre.fr\/wrdp\/wp-content\/uploads\/IMG_20220427_143439-2048x922.jpg 2048w, http:\/\/valderdre.fr\/wrdp\/wp-content\/uploads\/IMG_20220427_143439-24x11.jpg 24w, http:\/\/valderdre.fr\/wrdp\/wp-content\/uploads\/IMG_20220427_143439-36x16.jpg 36w, http:\/\/valderdre.fr\/wrdp\/wp-content\/uploads\/IMG_20220427_143439-48x22.jpg 48w\" sizes=\"auto, (max-width: 300px) 100vw, 300px\" \/><\/td>\n<\/tr>\n<\/tbody>\n<\/table>\n<p><span style=\"font-size: 8pt;\"><em>Article OF du 25\/02\/2022<\/em><\/span><\/p>\n","protected":false},"excerpt":{"rendered":"<p>Les travaux d\u2019installation de la passerelle reliant les deux rives de l\u2019Erdre au niveau du port de plaisance sont en cours de r\u00e9alisation. Elle sera d\u2019environ 25\u00a0m\u00e8tres de long et 2\u00a0m\u00e8tres de large, afin de permettre \u00e0 la fois la circulation des pi\u00e9tons, des personnes \u00e0 mobilit\u00e9 r\u00e9duite et des cyclistes pied \u00e0 terre. Les abords de la passerelle seront&#46;&#46;&#46;<\/p>\n","protected":false},"author":1,"featured_media":1600,"comment_status":"open","ping_status":"open","sticky":false,"template":"","format":"standard","meta":{"footnotes":""},"categories":[4],"tags":[],"class_list":["post-1594","post","type-post","status-publish","format-standard","has-post-thumbnail","hentry","category-nort-sur-erdre"],"views":1884,"_links":{"self":[{"href":"http:\/\/valderdre.fr\/wrdp\/wp-json\/wp\/v2\/posts\/1594","targetHints":{"allow":["GET"]}}],"collection":[{"href":"http:\/\/valderdre.fr\/wrdp\/wp-json\/wp\/v2\/posts"}],"about":[{"href":"http:\/\/valderdre.fr\/wrdp\/wp-json\/wp\/v2\/types\/post"}],"author":[{"embeddable":true,"href":"http:\/\/valderdre.fr\/wrdp\/wp-json\/wp\/v2\/users\/1"}],"replies":[{"embeddable":true,"href":"http:\/\/valderdre.fr\/wrdp\/wp-json\/wp\/v2\/comments?post=1594"}],"version-history":[{"count":4,"href":"http:\/\/valderdre.fr\/wrdp\/wp-json\/wp\/v2\/posts\/1594\/revisions"}],"predecessor-version":[{"id":1606,"href":"http:\/\/valderdre.fr\/wrdp\/wp-json\/wp\/v2\/posts\/1594\/revisions\/1606"}],"wp:featuredmedia":[{"embeddable":true,"href":"http:\/\/valderdre.fr\/wrdp\/wp-json\/wp\/v2\/media\/1600"}],"wp:attachment":[{"href":"http:\/\/valderdre.fr\/wrdp\/wp-json\/wp\/v2\/media?parent=1594"}],"wp:term":[{"taxonomy":"category","embeddable":true,"href":"http:\/\/valderdre.fr\/wrdp\/wp-json\/wp\/v2\/categories?post=1594"},{"taxonomy":"post_tag","embeddable":true,"href":"http:\/\/valderdre.fr\/wrdp\/wp-json\/wp\/v2\/tags?post=1594"}],"curies":[{"name":"wp","href":"https:\/\/api.w.org\/{rel}","templated":true}]}}