{"id":1586,"date":"2022-04-26T18:17:07","date_gmt":"2022-04-26T16:17:07","guid":{"rendered":"http:\/\/valderdre.fr\/wrdp\/?p=1586"},"modified":"2022-04-26T18:35:49","modified_gmt":"2022-04-26T16:35:49","slug":"naviguer-sur-le-canal","status":"publish","type":"post","link":"http:\/\/valderdre.fr\/wrdp\/naviguer-sur-le-canal\/","title":{"rendered":"Naviguer sur le Canal de Nantes \u00e0 Brest"},"content":{"rendered":"<p><img loading=\"lazy\" decoding=\"async\" class=\"alignright wp-image-1012 size-medium\" src=\"http:\/\/valderdre.fr\/wrdp\/wp-content\/uploads\/DSCN2126-300x225.jpg\" alt=\"\" width=\"300\" height=\"225\" srcset=\"http:\/\/valderdre.fr\/wrdp\/wp-content\/uploads\/DSCN2126-300x225.jpg 300w, http:\/\/valderdre.fr\/wrdp\/wp-content\/uploads\/DSCN2126-1024x768.jpg 1024w, http:\/\/valderdre.fr\/wrdp\/wp-content\/uploads\/DSCN2126-200x150.jpg 200w, http:\/\/valderdre.fr\/wrdp\/wp-content\/uploads\/DSCN2126-768x576.jpg 768w, http:\/\/valderdre.fr\/wrdp\/wp-content\/uploads\/DSCN2126-1536x1152.jpg 1536w, http:\/\/valderdre.fr\/wrdp\/wp-content\/uploads\/DSCN2126-2048x1536.jpg 2048w, http:\/\/valderdre.fr\/wrdp\/wp-content\/uploads\/DSCN2126-24x18.jpg 24w, http:\/\/valderdre.fr\/wrdp\/wp-content\/uploads\/DSCN2126-36x27.jpg 36w, http:\/\/valderdre.fr\/wrdp\/wp-content\/uploads\/DSCN2126-48x36.jpg 48w\" sizes=\"auto, (max-width: 300px) 100vw, 300px\" \/>Le D\u00e9partement de Loire Atlantique, assure la gestion et l&rsquo;entretien de la partie du canal situ\u00e9e entre Nantes et Saint-Nicolas-de-Redon. Cette ann\u00e9e, la navigation reprend le 1er avril 2022.<\/p>\n<p class=\"ds44-box-heading\" role=\"heading\" aria-level=\"2\">Dates d&rsquo;ouverture de la navigation :<\/p>\n<ul>\n<li><strong>Entre Nort-sur Erdre et F\u00e9gr\u00e9ac<\/strong>\u00a0(\u00e9cluse de Quiheix \u00e0 Nort-sur-Erdre et \u00e9cluse des Bellions \u00e0 F\u00e9gr\u00e9ac) : navigation autoris\u00e9e \u00e0 partir du\u00a0<strong>vendredi 1er avril 2022<\/strong>.<\/li>\n<li><strong>Entre F\u00e9gr\u00e9ac et Saint-Nicolas-de-Redon<\/strong>\u00a0(\u00e9cluse des Bellions \u00e0 F\u00e9gr\u00e9ac et \u00e9cluse de la digue \u00e0 Saint-Nicolas-de-Redon) : navigation autoris\u00e9e \u00e0 partir du<strong>\u00a0vendredi 13 mai 2022<\/strong>.<\/li>\n<\/ul>\n<p class=\"ds44-box-heading\" role=\"heading\" aria-level=\"2\"><strong>Fermeture \u00e0 la navigation d&rsquo;avril \u00e0 octobre 2023<\/strong><\/p>\n<p>Le D\u00e9partement r\u00e9alise d\u2019importants travaux pour s\u00e9curiser le r\u00e9servoir de Vioreau, principale source d\u2019alimentation du canal. La navigation sur le canal sera donc exceptionnellement ferm\u00e9e en 2023.<\/p>\n<h2 id=\"idTitre3\"><span style=\"color: #3366ff;\">Avant de partir<\/span><\/h2>\n<div class=\"wysiwyg\">\n<p>Bon \u00e0 savoir : la navigation sur les voies d\u2019eau en Loire-Atlantique est gratuite.<\/p>\n<h3><span style=\"font-size: 12pt; color: #3366ff;\">Obligations et conseils pour bien pr\u00e9parer votre navigation<\/span><\/h3>\n<ul>\n<li>\u00catre en r\u00e8gle pour le pilotage : avoir le permis de navigation correspondant \u00e0 votre embarcation (d\u00e9rogation pour les clients des soci\u00e9t\u00e9s de bateaux de location).<\/li>\n<li>Avoir un bateau en r\u00e8gle vis-\u00e0-vis de l\u2019immatriculation ou de son inscription aupr\u00e8s des autorit\u00e9s comp\u00e9tentes. Poss\u00e9der une assurance pour votre embarcation est fortement recommand\u00e9.<\/li>\n<li>Disposer \u00e0 bord du mat\u00e9riel r\u00e8glementaire de s\u00e9curit\u00e9.<\/li>\n<li>Consulter les avis<\/li>\n<\/ul>\n<p class=\"ds44-box-heading\" role=\"heading\" aria-level=\"2\">Dimensions des bateaux \u00e0 respecter :<\/p>\n<ul>\n<li>Longueur bateau maxi : 26 m<\/li>\n<li>Largeur maxi : 4,60 m<\/li>\n<li>Tirant d&rsquo;eau : 1,20 m<\/li>\n<li>Tirant d&rsquo;air : 3,80 m<\/li>\n<\/ul>\n<h3><img loading=\"lazy\" decoding=\"async\" class=\"size-medium wp-image-1008 alignleft\" src=\"http:\/\/valderdre.fr\/wrdp\/wp-content\/uploads\/DSCN1092-300x225.jpg\" alt=\"\" width=\"300\" height=\"225\" srcset=\"http:\/\/valderdre.fr\/wrdp\/wp-content\/uploads\/DSCN1092-300x225.jpg 300w, http:\/\/valderdre.fr\/wrdp\/wp-content\/uploads\/DSCN1092-1024x768.jpg 1024w, http:\/\/valderdre.fr\/wrdp\/wp-content\/uploads\/DSCN1092-200x150.jpg 200w, http:\/\/valderdre.fr\/wrdp\/wp-content\/uploads\/DSCN1092-768x576.jpg 768w, http:\/\/valderdre.fr\/wrdp\/wp-content\/uploads\/DSCN1092-1536x1152.jpg 1536w, http:\/\/valderdre.fr\/wrdp\/wp-content\/uploads\/DSCN1092-2048x1536.jpg 2048w, http:\/\/valderdre.fr\/wrdp\/wp-content\/uploads\/DSCN1092-24x18.jpg 24w, http:\/\/valderdre.fr\/wrdp\/wp-content\/uploads\/DSCN1092-36x27.jpg 36w, http:\/\/valderdre.fr\/wrdp\/wp-content\/uploads\/DSCN1092-48x36.jpg 48w\" sizes=\"auto, (max-width: 300px) 100vw, 300px\" \/><span style=\"font-size: 12pt; color: #3366ff;\">Les r\u00e8gles \u00e0 respecter pour bien naviguer sur le canal<\/span><\/h3>\n<ul>\n<li><strong>La vitesse de navigation maximale autoris\u00e9e<\/strong>\u00a0est limit\u00e9e \u00e0\u00a0<strong>6 km\/h<\/strong>\u00a0sur le canal, 15,8 ou 6 km\/h sur l\u2019Erdre en fonction des secteurs.<\/li>\n<li><strong>Sur le canal, le chenal de navigation est situ\u00e9 au milieu<\/strong>\u00a0(sauf indication contraire). Sur la rivi\u00e8re canalis\u00e9e, la navigation est diff\u00e9rente selon les atterrissements, passes navigables, largeur de la rivi\u00e8re, courbes\u2026<\/li>\n<li><strong>Pour accoster, privil\u00e9gier le c\u00f4t\u00e9 du chemin de contre halage.<\/strong>\u00a0Les bateaux se croisent sur b\u00e2bord.<\/li>\n<li>En cas de visibilit\u00e9 r\u00e9duite en raison du mauvais temps, utiliser imp\u00e9rativement\u00a0<strong>les feux de signalisation<\/strong>. La navigation de nuit est interdite.<\/li>\n<li><strong>En stationnement, favoriser les arr\u00eats dans les ports ou les haltes nautiques.<\/strong><\/li>\n<\/ul>\n<h3><span style=\"color: #3366ff; font-size: 12pt;\">Le passage des \u00e9cluses<\/span><\/h3>\n<p><strong class=\"ds44-wsg-exergue\">Le passage en libre-service est interdit. Les plaisanciers sont syst\u00e9matiquement accompagn\u00e9s par un \u00e9clusier \u00e0 toutes les \u00e9cluses.<\/strong><\/p>\n<ul>\n<li><strong>Le service est assur\u00e9 par du personnel en poste ou en accompagnement \u00e0 toutes les \u00e9cluses<\/strong>\u00a0en fonction des p\u00e9riodes et des horaires. En accompagnement, l&rsquo;\u00e9clusier g\u00e8re plusieurs \u00e9cluses et se d\u00e9place de l&rsquo;une \u00e0 l&rsquo;autre en pr\u00e9c\u00e9dant le ou les bateaux. C&rsquo;est le cas notamment des \u00e9cluses suivantes : la Tindi\u00e8re, la Haie Pacoret, Cramezeul, le Gu\u00e9 de l&rsquo;Atelier, Bougard et la Touche.<\/li>\n<li><strong>Pour limiter l\u2019attente aux \u00e9cluses<\/strong>, communiquez au plus t\u00f4t votre passage, au plus tard \u00e0 16h la veille de la navigation souhait\u00e9e en semaine ; jusqu\u2019au vendredi midi pour les week-ends par t\u00e9l\u00e9phone au 02 40 79 47 56 ou 06 48 66 40 70.<\/li>\n<li>Chaque passage \u00e0 une \u00e9cluse consomme environ 400 m3 d\u2019eau. Pour \u00e9conomiser la ressource en eau, des regroupements d\u2019embarcations sont op\u00e9r\u00e9s pour franchir les \u00e9cluses chaque fois que cela est possible.<\/li>\n<\/ul>\n<p class=\"ds44-box-heading\" role=\"heading\" aria-level=\"2\">Les horaires de passage aux \u00e9cluses<\/p>\n<p><strong>Du lundi au dimanche : de 9h15 \u00e0 12h30 et de 14h \u00e0 18h30<\/strong>\u00a0(except\u00e9 le vendredi jusqu\u2019\u00e0 18h45). Sous r\u00e9serve des contraintes li\u00e9es \u00e0 la crise sanitaire.<\/p>\n<ul>\n<li><a class=\"ID_c_1273980\" title=\" Consultez les informations pour l'\u00e9cluse Saint-F\u00e9lix \u00e0 Nantes\" href=\"https:\/\/www.loire-atlantique.fr\/44\/tourisme\/l-erdre-le-passage-du-tunnel-saint-felix\/c_1273980\">Consultez les informations pour l&rsquo;\u00e9cluse Saint-F\u00e9lix \u00e0 Nantes<\/a><\/li>\n<\/ul>\n<p class=\"ds44-box-heading\" role=\"heading\" aria-level=\"2\"><span style=\"color: #3366ff;\"><strong>\u00c0 t\u00e9l\u00e9charger :<\/strong><\/span><\/p>\n<ul class=\"ds44-list\">\n<li class=\"mts ds44-docListElem\">\n<p class=\"ds44-docListElem\"><a title=\"Le r\u00e8glement de police de la navigation - canal de Nantes \u00e0 Brest en Loire-Atlantique - PDF - 2,39 Mo - nouvelle fen\u00eatre\" href=\"https:\/\/www.loire-atlantique.fr\/upload\/docs\/application\/pdf\/2022-03\/reglement_de_police_navigation_canal_de_nantes_a_brest_44.pdf\" target=\"_blank\" rel=\"noopener\" data-statistic=\"{&quot;name&quot;: &quot;declenche-evenement&quot;,&quot;category&quot;: &quot;T\u00e9l\u00e9chargement&quot;,&quot;action&quot;: &quot;https:\/\/www.loire-atlantique.fr\/upload\/docs\/application\/pdf\/2022-03\/reglement_de_police_navigation_canal_de_nantes_a_brest_44.pdf&quot;}\">Le r\u00e8glement de police de la navigation &#8211; canal de Nantes \u00e0 Brest en Loire-Atlantique<\/a><\/p>\n<\/li>\n<li class=\"mts ds44-docListElem\">\n<p class=\"ds44-docListElem\"><a title=\"La carte des services au fil de l'eau - 2022 - PDF - 4,63 Mo - nouvelle fen\u00eatre\" href=\"https:\/\/www.loire-atlantique.fr\/upload\/docs\/application\/pdf\/2022-03\/carte_des_services_au_fil_de_leau.pdf\" target=\"_blank\" rel=\"noopener\" data-statistic=\"{&quot;name&quot;: &quot;declenche-evenement&quot;,&quot;category&quot;: &quot;T\u00e9l\u00e9chargement&quot;,&quot;action&quot;: &quot;https:\/\/www.loire-atlantique.fr\/upload\/docs\/application\/pdf\/2022-03\/carte_des_services_au_fil_de_leau.pdf&quot;}\">La carte des services au fil de l&rsquo;eau &#8211; 2022<\/a><\/p>\n<\/li>\n<\/ul>\n<\/div>\n<p><em><br \/>\nArticle loire-atlantique.fr du 24\/03\/22<\/em><\/p>\n<div class=\"wysiwyg\">\n<p>&nbsp;<\/p>\n<\/div>\n","protected":false},"excerpt":{"rendered":"<p>Le D\u00e9partement de Loire Atlantique, assure la gestion et l&rsquo;entretien de la partie du canal situ\u00e9e entre Nantes et Saint-Nicolas-de-Redon. Cette ann\u00e9e, la navigation reprend le 1er avril 2022. Dates d&rsquo;ouverture de la navigation : Entre Nort-sur Erdre et F\u00e9gr\u00e9ac\u00a0(\u00e9cluse de Quiheix \u00e0 Nort-sur-Erdre et \u00e9cluse des Bellions \u00e0 F\u00e9gr\u00e9ac) : navigation autoris\u00e9e \u00e0 partir du\u00a0vendredi 1er avril 2022. Entre&#46;&#46;&#46;<\/p>\n","protected":false},"author":1,"featured_media":1014,"comment_status":"open","ping_status":"open","sticky":false,"template":"","format":"standard","meta":{"footnotes":""},"categories":[5],"tags":[],"class_list":["post-1586","post","type-post","status-publish","format-standard","has-post-thumbnail","hentry","category-le-canal"],"views":1389,"_links":{"self":[{"href":"http:\/\/valderdre.fr\/wrdp\/wp-json\/wp\/v2\/posts\/1586","targetHints":{"allow":["GET"]}}],"collection":[{"href":"http:\/\/valderdre.fr\/wrdp\/wp-json\/wp\/v2\/posts"}],"about":[{"href":"http:\/\/valderdre.fr\/wrdp\/wp-json\/wp\/v2\/types\/post"}],"author":[{"embeddable":true,"href":"http:\/\/valderdre.fr\/wrdp\/wp-json\/wp\/v2\/users\/1"}],"replies":[{"embeddable":true,"href":"http:\/\/valderdre.fr\/wrdp\/wp-json\/wp\/v2\/comments?post=1586"}],"version-history":[{"count":7,"href":"http:\/\/valderdre.fr\/wrdp\/wp-json\/wp\/v2\/posts\/1586\/revisions"}],"predecessor-version":[{"id":1593,"href":"http:\/\/valderdre.fr\/wrdp\/wp-json\/wp\/v2\/posts\/1586\/revisions\/1593"}],"wp:featuredmedia":[{"embeddable":true,"href":"http:\/\/valderdre.fr\/wrdp\/wp-json\/wp\/v2\/media\/1014"}],"wp:attachment":[{"href":"http:\/\/valderdre.fr\/wrdp\/wp-json\/wp\/v2\/media?parent=1586"}],"wp:term":[{"taxonomy":"category","embeddable":true,"href":"http:\/\/valderdre.fr\/wrdp\/wp-json\/wp\/v2\/categories?post=1586"},{"taxonomy":"post_tag","embeddable":true,"href":"http:\/\/valderdre.fr\/wrdp\/wp-json\/wp\/v2\/tags?post=1586"}],"curies":[{"name":"wp","href":"https:\/\/api.w.org\/{rel}","templated":true}]}}