{"id":1429,"date":"2021-08-15T14:38:13","date_gmt":"2021-08-15T12:38:13","guid":{"rendered":"http:\/\/valderdre.fr\/wrdp\/?p=1429"},"modified":"2021-10-25T15:05:33","modified_gmt":"2021-10-25T13:05:33","slug":"canal_acc","status":"publish","type":"post","link":"http:\/\/valderdre.fr\/wrdp\/canal_acc\/","title":{"rendered":"Un lieu d\u2019accueil pour le canal de Nantes \u00e0 Brest"},"content":{"rendered":"<p><img loading=\"lazy\" decoding=\"async\" class=\"alignright wp-image-1009\" src=\"http:\/\/valderdre.fr\/wrdp\/wp-content\/uploads\/DSCN1105-200x150.jpg\" alt=\"\" width=\"251\" height=\"188\" srcset=\"http:\/\/valderdre.fr\/wrdp\/wp-content\/uploads\/DSCN1105-200x150.jpg 200w, http:\/\/valderdre.fr\/wrdp\/wp-content\/uploads\/DSCN1105-300x225.jpg 300w, http:\/\/valderdre.fr\/wrdp\/wp-content\/uploads\/DSCN1105-1024x768.jpg 1024w, http:\/\/valderdre.fr\/wrdp\/wp-content\/uploads\/DSCN1105-768x576.jpg 768w, http:\/\/valderdre.fr\/wrdp\/wp-content\/uploads\/DSCN1105-1536x1152.jpg 1536w, http:\/\/valderdre.fr\/wrdp\/wp-content\/uploads\/DSCN1105-2048x1536.jpg 2048w, http:\/\/valderdre.fr\/wrdp\/wp-content\/uploads\/DSCN1105-24x18.jpg 24w, http:\/\/valderdre.fr\/wrdp\/wp-content\/uploads\/DSCN1105-36x27.jpg 36w, http:\/\/valderdre.fr\/wrdp\/wp-content\/uploads\/DSCN1105-48x36.jpg 48w\" sizes=\"auto, (max-width: 251px) 100vw, 251px\" \/>Le D\u00e9partement de la Loire-Atlantique acc\u00e9l\u00e8re la mise en valeur patrimoniale et touristique du canal de Nantes \u00e0 Brest, dont il est propri\u00e9taire sur 75 km, depuis 2018. Son futur espace canal d\u2019ici d\u00e9but 2026.<\/p>\n<p>De nombreuses esp\u00e8ces d\u2019oiseaux nichent le long du canal de Nantes \u00e0 Brest. On peut m\u00eame apercevoir, certains jours, des \u00e2nes, des petits moutons d\u2019Ouessant. Depuis 2018, le D\u00e9partement est propri\u00e9taire et gestionnaire du canal sur 75 kilom\u00e8tres entre Nort-sur-Erdre et Saint-Nicolas-de-Redon. On y randonne, \u00e0 pied, \u00e0 cheval, \u00e0 v\u00e9lo, on navigue et on p\u00eache et il y a des activit\u00e9s nautiques. Et il y a ces riverains, que le D\u00e9partement consid\u00e8re comme les premiers ambassadeurs des lieux aupr\u00e8s des visiteurs, parents, amis ou \u00e9trangers.<\/p>\n<p>Sur le canal, dont la fr\u00e9quentation augmente, le D\u00e9partement veut cr\u00e9er un \u00ab espace canal \u00bb<br \/>\nLe vendredi 26 mars, le D\u00e9partement organisait la troisi\u00e8me \u00e9dition de Destination canal. En visioconf\u00e9rence, la manifestation a r\u00e9uni 70 acteurs locaux. Le canal a vu sa fr\u00e9quentation augmenter. Sans doute parce qu\u2019il est inscrit \u00e0 la V\u00e9lodyss\u00e9e. Ainsi, entre mars et octobre 2020, au niveau de Blain, on a comptabilis\u00e9 11 993 pi\u00e9tons et 1 105 bateaux \u00bb, \u200bindique Bernard Lebeau, conseiller d\u00e9partemental, et ex-vice-pr\u00e9sident au d\u00e9veloppement \u00e9conomique de proximit\u00e9 et au tourisme.<\/p>\n<p>La Loire-Atlantique est le deuxi\u00e8me d\u00e9partement d\u2019eau de France apr\u00e8s les Bouches-du-Rh\u00f4ne. Freddy Hervochon, vice-pr\u00e9sident du D\u00e9partement, anciennement en charge des milieux naturels, de la mer, du littoral et des voies navigables, dit combien le canal de Nantes \u00e0 Brest est \u200bun site de r\u00e9f\u00e9rence, comme le lac de Grand Lieu\u200b. Sa strat\u00e9gie de d\u00e9veloppement est coordonn\u00e9e avec les communes, les intercommunalit\u00e9s et les acteurs touristiques.<\/p>\n<p>Chaque ann\u00e9e, le D\u00e9partement investit et entretient le canal, ses abords et les ouvrages qui forment son syst\u00e8me hydraulique. Il projette aussi d\u2019importants travaux sur les r\u00e9servoirs d\u2019eau.<\/p>\n<p>Le canal, enjeu majeur du tourisme en Loire-Atlantique, va \u00eatre dot\u00e9 d\u2019un espace canal\u200b. Il doit s\u2019inspirer, sans le r\u00e9p\u00e9ter, de la cr\u00e9ation de la Maison du lac de Grand Lieu, lieu de promotion et d\u2019\u00e9ducation \u00e0 la connaissance de ce lac de 6 300 hectares, qui repr\u00e9sente la deuxi\u00e8me r\u00e9serve ornithologique de France avec plus de 270 esp\u00e8ces d\u2019oiseaux.<\/p>\n<p>Le principe de cet espace canal a \u00e9t\u00e9 vot\u00e9 en session de f\u00e9vrier du Conseil d\u00e9partemental. Il permettra d\u2019expliquer \u00e0 l\u2019attention de tous, aux habitants de Loire-Atlantique comme aux touristes, le fonctionnement du canal, et pourra servir de halte\u200b, pr\u00e9cise Bernard Lebeau. Les \u00e9tudes continuent, \u00e7a se pr\u00e9cise. On a d\u00e9cid\u00e9 de l\u2019endroit, au port de Blain, et d\u2019un investissement de plusieurs millions d\u2019euros, qui reste \u00e0 d\u00e9finir. Il y a une importante concertation avec les acteurs locaux. Cet espace pourrait ouvrir vers la fin de l\u2019ann\u00e9e 2025 ou le d\u00e9but de l\u2019ann\u00e9e 2026.<\/p>\n<p><span style=\"color: #3366ff;\"><strong>Une \u00e9tude pour la r\u00e9habilitation de 18 sites<\/strong><\/span><\/p>\n<p>Entretien. Le D\u00e9partement a men\u00e9 en 2019 une \u00e9tude pour r\u00e9habiliter 18 sites occup\u00e9s par des maisons \u00e9clusi\u00e8res, de Saint-Nicolas-de-Redon \u00e0 Nort-sur-Erdre : diagnostic b\u00e2timents, locaux \u00e9clusiers et \u200bannexes (structure, clos et couvert, s\u00e9curit\u00e9 incendie et des personnes, audit \u00e9nerg\u00e9tique, r\u00e9seaux, amiante, etc.), ainsi que r\u00e9seaux. Il y a 300 ouvrages : barrages, \u00e9cluses, souterrains, arcades, ponceaux, aqueducs, siphons, vannes.<br \/>\nAinsi, la restauration des portes d\u2019\u00e9cluses de Bougard (Blain) et Melneuf (Guenrou\u00ebt), 174 000 \u20ac ; la restauration des vantaux des \u00e9cluses de la Touche (Guenrou\u00ebt) et du Terrier (Blain), 200 000 \u20ac ; la construction et restauration des pontons d\u2019accostage d\u2019H\u00e9ric, Saffr\u00e9 et Nort-sur-Erdre, 530 000 \u20ac ; le fauchage et le d\u00e9broussaillage par l\u2019association Aire du d\u00e9versoir de la Tindi\u00e8re et des barrages de Vioreau et de La Provosti\u00e8re par l\u2019association Eli.<\/p>\n<p><span style=\"color: #3366ff;\"><strong>Un g\u00eete dans une maison d\u2019\u00e9clusier<\/strong><\/span><br \/>\n<img loading=\"lazy\" decoding=\"async\" class=\" wp-image-1265 alignleft\" src=\"http:\/\/valderdre.fr\/wrdp\/wp-content\/uploads\/DSCN1244-300x225.jpg\" alt=\"\" width=\"197\" height=\"148\" srcset=\"http:\/\/valderdre.fr\/wrdp\/wp-content\/uploads\/DSCN1244-300x225.jpg 300w, http:\/\/valderdre.fr\/wrdp\/wp-content\/uploads\/DSCN1244-200x150.jpg 200w, http:\/\/valderdre.fr\/wrdp\/wp-content\/uploads\/DSCN1244-768x576.jpg 768w, http:\/\/valderdre.fr\/wrdp\/wp-content\/uploads\/DSCN1244-24x18.jpg 24w, http:\/\/valderdre.fr\/wrdp\/wp-content\/uploads\/DSCN1244-36x27.jpg 36w, http:\/\/valderdre.fr\/wrdp\/wp-content\/uploads\/DSCN1244-48x36.jpg 48w, http:\/\/valderdre.fr\/wrdp\/wp-content\/uploads\/DSCN1244.jpg 1024w\" sizes=\"auto, (max-width: 197px) 100vw, 197px\" \/>Les touristes, aux alentours de Nort-sur-Erdre, peuvent admirer les magnifiques maisons d\u2019\u00e9clusiers. Celle de la Tindi\u00e8re a \u00e9t\u00e9 transform\u00e9e, il y a cinq ans, en g\u00eete d\u2019\u00e9tape apr\u00e8s un appel d\u2019offres lanc\u00e9 par le D\u00e9partement, propri\u00e9taire, pour louer les locaux. \u00ab Ce g\u00eete est ouvert toute l\u2019ann\u00e9e \u00bb, confie Delphine Vigour, cog\u00e9rante des lieux, avec Sylvie Pinel. \u00ab Pour la saison avril-septembre, on re\u00e7oit des touristes itin\u00e9rants plut\u00f4t cyclos et on leur propose d\u00eeners et petits-d\u00e9jeuners. On ouvre une terrasse gourmande tous les jours de midi \u00e0 18 h. Les repas que nous proposons sont cuisin\u00e9s avec des produits locaux et bios \u00bb. La maison \u00e9clusi\u00e8re est \u00e9quip\u00e9e de trois chambres avec une capacit\u00e9 de neuf couchages.<\/p>\n","protected":false},"excerpt":{"rendered":"<p>Le D\u00e9partement de la Loire-Atlantique acc\u00e9l\u00e8re la mise en valeur patrimoniale et touristique du canal de Nantes \u00e0 Brest, dont il est propri\u00e9taire sur 75 km, depuis 2018. Son futur espace canal d\u2019ici d\u00e9but 2026. De nombreuses esp\u00e8ces d\u2019oiseaux nichent le long du canal de Nantes \u00e0 Brest. On peut m\u00eame apercevoir, certains jours, des \u00e2nes, des petits moutons d\u2019Ouessant.&#46;&#46;&#46;<\/p>\n","protected":false},"author":1,"featured_media":1001,"comment_status":"open","ping_status":"open","sticky":false,"template":"","format":"standard","meta":{"footnotes":""},"categories":[5],"tags":[],"class_list":["post-1429","post","type-post","status-publish","format-standard","has-post-thumbnail","hentry","category-le-canal"],"views":895,"_links":{"self":[{"href":"http:\/\/valderdre.fr\/wrdp\/wp-json\/wp\/v2\/posts\/1429","targetHints":{"allow":["GET"]}}],"collection":[{"href":"http:\/\/valderdre.fr\/wrdp\/wp-json\/wp\/v2\/posts"}],"about":[{"href":"http:\/\/valderdre.fr\/wrdp\/wp-json\/wp\/v2\/types\/post"}],"author":[{"embeddable":true,"href":"http:\/\/valderdre.fr\/wrdp\/wp-json\/wp\/v2\/users\/1"}],"replies":[{"embeddable":true,"href":"http:\/\/valderdre.fr\/wrdp\/wp-json\/wp\/v2\/comments?post=1429"}],"version-history":[{"count":9,"href":"http:\/\/valderdre.fr\/wrdp\/wp-json\/wp\/v2\/posts\/1429\/revisions"}],"predecessor-version":[{"id":1438,"href":"http:\/\/valderdre.fr\/wrdp\/wp-json\/wp\/v2\/posts\/1429\/revisions\/1438"}],"wp:featuredmedia":[{"embeddable":true,"href":"http:\/\/valderdre.fr\/wrdp\/wp-json\/wp\/v2\/media\/1001"}],"wp:attachment":[{"href":"http:\/\/valderdre.fr\/wrdp\/wp-json\/wp\/v2\/media?parent=1429"}],"wp:term":[{"taxonomy":"category","embeddable":true,"href":"http:\/\/valderdre.fr\/wrdp\/wp-json\/wp\/v2\/categories?post=1429"},{"taxonomy":"post_tag","embeddable":true,"href":"http:\/\/valderdre.fr\/wrdp\/wp-json\/wp\/v2\/tags?post=1429"}],"curies":[{"name":"wp","href":"https:\/\/api.w.org\/{rel}","templated":true}]}}