{"id":1412,"date":"2021-10-20T22:22:11","date_gmt":"2021-10-20T20:22:11","guid":{"rendered":"http:\/\/valderdre.fr\/wrdp\/?p=1412"},"modified":"2021-10-20T22:26:57","modified_gmt":"2021-10-20T20:26:57","slug":"nuit-erdre","status":"publish","type":"post","link":"http:\/\/valderdre.fr\/wrdp\/nuit-erdre\/","title":{"rendered":"Festival &#8211; La nuit de l&rsquo;Erdre"},"content":{"rendered":"<aside class=\"contenu-secondaire rs_skip\" data-nosnippet=\"\">\n<div class=\"su-visible-xl item ecouter su-clearfix\">\n<div id=\"readspeaker_button1\" class=\"readspeaker rs_skip rsbtn_of_skin rs_preserve disabler-voile\"><span style=\"color: #000000;\"><img loading=\"lazy\" decoding=\"async\" class=\"size-medium wp-image-1413 alignright\" src=\"http:\/\/valderdre.fr\/wrdp\/wp-content\/uploads\/nuit_erdre-300x200.jpg\" alt=\"\" width=\"300\" height=\"200\" srcset=\"http:\/\/valderdre.fr\/wrdp\/wp-content\/uploads\/nuit_erdre-300x200.jpg 300w, http:\/\/valderdre.fr\/wrdp\/wp-content\/uploads\/nuit_erdre-200x133.jpg 200w, http:\/\/valderdre.fr\/wrdp\/wp-content\/uploads\/nuit_erdre-24x16.jpg 24w, http:\/\/valderdre.fr\/wrdp\/wp-content\/uploads\/nuit_erdre-36x24.jpg 36w, http:\/\/valderdre.fr\/wrdp\/wp-content\/uploads\/nuit_erdre-48x32.jpg 48w, http:\/\/valderdre.fr\/wrdp\/wp-content\/uploads\/nuit_erdre.jpg 630w\" sizes=\"auto, (max-width: 300px) 100vw, 300px\" \/><\/span><\/div>\n<div class=\"readspeaker rs_skip rsbtn_of_skin rs_preserve disabler-voile\" style=\"text-align: justify;\"><span style=\"color: #000000;\">Annul\u00e9e, comme tant d\u2019autres festivals, en 2020 et 2021, pour cause de crise sanitaire, La Nuit de l\u2019Erdre revient en 2022. Pour marquer le coup, elle ajoute une journ\u00e9e \u00e0 son programme, qui se d\u00e9roulera sur quatre jours au lieu de trois par le pass\u00e9.<\/p>\n<p><\/span>Sans en dire plus pour l\u2019instant sur la programmation, l\u2019association organisatrice d\u00e9voile une affiche aux couleurs franches r\u00e9alis\u00e9e par\u00a0Smolestudio qui met en sc\u00e8ne\u00a0<strong>\u00ab un singe radieux, enjou\u00e9 et d\u00e9termin\u00e9, les yeux tourn\u00e9s vers 2022 \u00bb<\/strong>\u00a0et renouvelle son<strong>\u00a0\u00ab engagement pour la sauvegarde des grands singes \u00bb<\/strong> aux c\u00f4t\u00e9s de l\u2019association Boissi\u00e8re Mervent Conservation, cr\u00e9\u00e9e par le Zoo de La Boissi\u00e8re-du-Dor\u00e9, partenaire du festival.<\/p>\n<p>Le festival 2022 de la Nuit de l\u2019Erdre se tiendra donc du jeudi 30 juin au dimanche 3 juillet. Les premiers billets seront mis en vente, ce samedi 16 octobre, sous la forme d\u2019un passe promo.<strong>\u00a0\u00ab\u00a0Pour la prochaine \u00e9dition du festival, le passe quatre jours sera d\u2019un montant de 105\u00a0\u20ac, au lieu de 135\u00a0\u20ac pour le tarif r\u00e9gulier, afin qu\u2019un maximum de personnes puissent en b\u00e9n\u00e9ficier\u00a0; les r\u00e9servations seront limit\u00e9es \u00e0 quatre passes promo par personne\u00a0\u00bb,<\/strong> annonce Gabriel Massei, responsable communication du festival.<\/p>\n<p>La mise en vente se fera en deux temps : \u00e0 8 h 30, les passes promo seront disponibles \u00e0 la Maison de la presse ; \u00e0 10 h, ils le seront sur le site du festival.<\/p>\n<p>\u00ab\u00a0<strong>Le passe promo est une opportunit\u00e9 d\u2019\u00e9conomiser une trentaine d\u2019euros que l\u2019on pourra d\u00e9penser lors du festival. Ce qu\u2019il faut, c\u2019est se lever t\u00f4t pour avoir une bonne place dans la queue qui se forme traditionnellement devant la Maison de la presse ; car les passes promo partent tr\u00e8s vite : la derni\u00e8re fois, en trente minutes, tout \u00e9tait parti.<\/strong><\/div>\n<\/div>\n<\/aside>\n<div>\n<p>OF 30\/09\/2021<\/p>\n<\/div>\n","protected":false},"excerpt":{"rendered":"<p>Annul\u00e9e, comme tant d\u2019autres festivals, en 2020 et 2021, pour cause de crise sanitaire, La Nuit de l\u2019Erdre revient en 2022. Pour marquer le coup, elle ajoute une journ\u00e9e \u00e0 son programme, qui se d\u00e9roulera sur quatre jours au lieu de trois par le pass\u00e9. Sans en dire plus pour l\u2019instant sur la programmation, l\u2019association organisatrice d\u00e9voile une affiche aux&#46;&#46;&#46;<\/p>\n","protected":false},"author":1,"featured_media":1413,"comment_status":"open","ping_status":"open","sticky":false,"template":"","format":"standard","meta":{"footnotes":""},"categories":[4],"tags":[],"class_list":["post-1412","post","type-post","status-publish","format-standard","has-post-thumbnail","hentry","category-nort-sur-erdre"],"views":1055,"_links":{"self":[{"href":"http:\/\/valderdre.fr\/wrdp\/wp-json\/wp\/v2\/posts\/1412","targetHints":{"allow":["GET"]}}],"collection":[{"href":"http:\/\/valderdre.fr\/wrdp\/wp-json\/wp\/v2\/posts"}],"about":[{"href":"http:\/\/valderdre.fr\/wrdp\/wp-json\/wp\/v2\/types\/post"}],"author":[{"embeddable":true,"href":"http:\/\/valderdre.fr\/wrdp\/wp-json\/wp\/v2\/users\/1"}],"replies":[{"embeddable":true,"href":"http:\/\/valderdre.fr\/wrdp\/wp-json\/wp\/v2\/comments?post=1412"}],"version-history":[{"count":5,"href":"http:\/\/valderdre.fr\/wrdp\/wp-json\/wp\/v2\/posts\/1412\/revisions"}],"predecessor-version":[{"id":1418,"href":"http:\/\/valderdre.fr\/wrdp\/wp-json\/wp\/v2\/posts\/1412\/revisions\/1418"}],"wp:featuredmedia":[{"embeddable":true,"href":"http:\/\/valderdre.fr\/wrdp\/wp-json\/wp\/v2\/media\/1413"}],"wp:attachment":[{"href":"http:\/\/valderdre.fr\/wrdp\/wp-json\/wp\/v2\/media?parent=1412"}],"wp:term":[{"taxonomy":"category","embeddable":true,"href":"http:\/\/valderdre.fr\/wrdp\/wp-json\/wp\/v2\/categories?post=1412"},{"taxonomy":"post_tag","embeddable":true,"href":"http:\/\/valderdre.fr\/wrdp\/wp-json\/wp\/v2\/tags?post=1412"}],"curies":[{"name":"wp","href":"https:\/\/api.w.org\/{rel}","templated":true}]}}