{"id":1376,"date":"2021-10-17T21:24:27","date_gmt":"2021-10-17T19:24:27","guid":{"rendered":"http:\/\/valderdre.fr\/wrdp\/?p=1376"},"modified":"2021-10-17T21:43:32","modified_gmt":"2021-10-17T19:43:32","slug":"le-canal-fermeture-a-la-navigation","status":"publish","type":"post","link":"http:\/\/valderdre.fr\/wrdp\/le-canal-fermeture-a-la-navigation\/","title":{"rendered":"Le canal &#8211; Fermeture \u00e0 la navigation"},"content":{"rendered":"<p style=\"text-align: justify;\">Aliment\u00e9 en majeure partie par le lac de Vioreau, le canal de Nantes \u00e0 Brest fait face cette ann\u00e9e \u00e0 une baisse importante de son niveau d\u2019eau et devra fermer \u00e0 la navigation \u00e0 partir du lundi 20 septembre pour les particuliers.<\/p>\n<p>La navigation sera donc possible jusqu\u2019au dimanche 19 septembre et m\u00eame maintenue jusqu\u2019au dimanche 3 octobre pour les professionnels loueurs de bateaux.<\/p>\n<p>Entre le 19 septembre et le 3 octobre, la navigation restera exceptionnelle et \u00e9tudi\u00e9e au cas par car pour les plaisanciers, notamment ceux qui n\u2019auraient pas pu rejoindre leur stationnement ou un chantier naval d\u2019ici l\u00e0.<\/p>\n<p>La baisse du niveau d\u2019eau autoris\u00e9e dans le lac de Vioreau conjugu\u00e9e \u00e0 la pluviom\u00e9trie de ces derniers mois n\u2019a pas permis le remplissage n\u00e9cessaire au fonctionnement du canal plus longtemps dans la saison.<\/p>\n<p><img loading=\"lazy\" decoding=\"async\" class=\"aligncenter wp-image-1003\" src=\"http:\/\/valderdre.fr\/wrdp\/wp-content\/uploads\/DSCN0796-300x225.jpg\" alt=\"\" width=\"400\" height=\"300\" srcset=\"http:\/\/valderdre.fr\/wrdp\/wp-content\/uploads\/DSCN0796-300x225.jpg 300w, http:\/\/valderdre.fr\/wrdp\/wp-content\/uploads\/DSCN0796-1024x768.jpg 1024w, http:\/\/valderdre.fr\/wrdp\/wp-content\/uploads\/DSCN0796-200x150.jpg 200w, http:\/\/valderdre.fr\/wrdp\/wp-content\/uploads\/DSCN0796-768x576.jpg 768w, http:\/\/valderdre.fr\/wrdp\/wp-content\/uploads\/DSCN0796-1536x1152.jpg 1536w, http:\/\/valderdre.fr\/wrdp\/wp-content\/uploads\/DSCN0796-2048x1536.jpg 2048w, http:\/\/valderdre.fr\/wrdp\/wp-content\/uploads\/DSCN0796-24x18.jpg 24w, http:\/\/valderdre.fr\/wrdp\/wp-content\/uploads\/DSCN0796-36x27.jpg 36w, http:\/\/valderdre.fr\/wrdp\/wp-content\/uploads\/DSCN0796-48x36.jpg 48w\" sizes=\"auto, (max-width: 400px) 100vw, 400px\" \/><\/p>\n<p style=\"text-align: justify;\"><span style=\"font-size: 12pt;\"><strong><span style=\"color: #3366ff;\">Restauration et modernisation du barrage de Vioreau \u00e0 partir de fin 2022<\/span><br \/>\n<\/strong><\/span><br \/>\nAm\u00e9nag\u00e9 en 1835, le lac Vioreau est le principal r\u00e9servoir d\u2019alimentation en eau du canal de Nantes \u00e0 Brest. Le canal ne dispose pas, en effet, d\u2019un bassin-versant naturel suffisant : il est aliment\u00e9 par un ensemble de bassins et de r\u00e9servoirs, dont le plus important est l\u2019\u00e9tang de Vioreau. Ce dernier accumule l\u2019eau en hiver qui se d\u00e9verse dans le canal en p\u00e9riode de navigation via une rigole dite d\u2019alimentation\u200b.<\/p>\n<p>Sans ce dispositif de r\u00e9gulation, la navigation ne serait pas possible sur le canal. Au-del\u00e0 de sa fonction de r\u00e9servoir hydraulique, Vioreau est devenu depuis deux si\u00e8cles un habitat pour de multiples esp\u00e8ces animales et v\u00e9g\u00e9tales, et le lieu de diff\u00e9rentes activit\u00e9s de loisirs : baignade, nautisme, p\u00eache, chasse, randonn\u00e9e\u2026 \u00bb, indique le D\u00e9partement, qui en a la charge et l\u2019entretien, et pr\u00e9cise : \u00ab Le barrage de Vioreau, construit \u00e0 la m\u00eame \u00e9poque, fait l\u2019objet d\u2019une surveillance renforc\u00e9e ces derniers mois dans l\u2019attente de travaux de r\u00e9novation.<\/p>\n<p>Des \u00e9tudes ont confirm\u00e9 que le barrage est en bon \u00e9tat g\u00e9n\u00e9ral mais qu\u2019il doit faire l\u2019objet de travaux de restauration et de modernisation pr\u00e9vus \u00e0 partir de la fin 2022.<\/p>\n<p>Une concertation a d\u2019ores et d\u00e9j\u00e0 \u00e9t\u00e9 men\u00e9e en janvier dernier sur les impacts et les opportunit\u00e9s li\u00e9s aux travaux sur le barrage, qui n\u00e9cessiteront une vidange du lac.<\/p>\n<p>Outre ces aspects, le barrage a subi une avarie au niveau de la vanne de vidange en 2020. De nombreux \u00e9changes avec les services de l\u2019\u00c9tat ont conclu \u00e0 la n\u00e9cessit\u00e9 de maintenir un niveau d\u2019eau en de\u00e7\u00e0 de sa capacit\u00e9. Ainsi, le niveau de stockage de l\u2019eau a \u00e9t\u00e9 abaiss\u00e9 par rapport aux ann\u00e9es ant\u00e9rieures.<\/p>\n<p><strong><span style=\"font-size: 8pt;\"><em>Article PO du 08\/09\/2021<\/em><\/span><\/strong><\/p>\n","protected":false},"excerpt":{"rendered":"<p>Aliment\u00e9 en majeure partie par le lac de Vioreau, le canal de Nantes \u00e0 Brest fait face cette ann\u00e9e \u00e0 une baisse importante de son niveau d\u2019eau et devra fermer \u00e0 la navigation \u00e0 partir du lundi 20 septembre pour les particuliers. La navigation sera donc possible jusqu\u2019au dimanche 19 septembre et m\u00eame maintenue jusqu\u2019au dimanche 3 octobre pour les&#46;&#46;&#46;<\/p>\n","protected":false},"author":1,"featured_media":1008,"comment_status":"open","ping_status":"open","sticky":false,"template":"","format":"standard","meta":{"footnotes":""},"categories":[5],"tags":[],"class_list":["post-1376","post","type-post","status-publish","format-standard","has-post-thumbnail","hentry","category-le-canal"],"views":1026,"_links":{"self":[{"href":"http:\/\/valderdre.fr\/wrdp\/wp-json\/wp\/v2\/posts\/1376","targetHints":{"allow":["GET"]}}],"collection":[{"href":"http:\/\/valderdre.fr\/wrdp\/wp-json\/wp\/v2\/posts"}],"about":[{"href":"http:\/\/valderdre.fr\/wrdp\/wp-json\/wp\/v2\/types\/post"}],"author":[{"embeddable":true,"href":"http:\/\/valderdre.fr\/wrdp\/wp-json\/wp\/v2\/users\/1"}],"replies":[{"embeddable":true,"href":"http:\/\/valderdre.fr\/wrdp\/wp-json\/wp\/v2\/comments?post=1376"}],"version-history":[{"count":5,"href":"http:\/\/valderdre.fr\/wrdp\/wp-json\/wp\/v2\/posts\/1376\/revisions"}],"predecessor-version":[{"id":1381,"href":"http:\/\/valderdre.fr\/wrdp\/wp-json\/wp\/v2\/posts\/1376\/revisions\/1381"}],"wp:featuredmedia":[{"embeddable":true,"href":"http:\/\/valderdre.fr\/wrdp\/wp-json\/wp\/v2\/media\/1008"}],"wp:attachment":[{"href":"http:\/\/valderdre.fr\/wrdp\/wp-json\/wp\/v2\/media?parent=1376"}],"wp:term":[{"taxonomy":"category","embeddable":true,"href":"http:\/\/valderdre.fr\/wrdp\/wp-json\/wp\/v2\/categories?post=1376"},{"taxonomy":"post_tag","embeddable":true,"href":"http:\/\/valderdre.fr\/wrdp\/wp-json\/wp\/v2\/tags?post=1376"}],"curies":[{"name":"wp","href":"https:\/\/api.w.org\/{rel}","templated":true}]}}