{"id":1310,"date":"2021-07-05T13:55:15","date_gmt":"2021-07-05T11:55:15","guid":{"rendered":"http:\/\/localhost\/?p=1310"},"modified":"2021-08-05T15:39:27","modified_gmt":"2021-08-05T13:39:27","slug":"suce_sur_erdre_sphere","status":"publish","type":"post","link":"http:\/\/valderdre.fr\/wrdp\/suce_sur_erdre_sphere\/","title":{"rendered":"L\u2019Ofni du Voyage \u00e0 Nantes s\u2019ancre dans le port"},"content":{"rendered":"<p>Suc\u00e9-sur-Erdre. L\u2019Ofni du Voyage \u00e0 Nantes s\u2019ancre dans le port<\/p>\n<p style=\"text-align: justify;\">Son \u0153uvre OTTO II fait figure d\u2019Ofni (objet flottant non identifi\u00e9) sur l\u2019Erdre. Vendredi dernier, Elsa Tomkowiak, au cours d\u2019une balade \u00e0 bord du bateau promenade d\u2019Alain Bara (Bretagne fluviale), a r\u00e9v\u00e9l\u00e9 quelques secrets sur son travail. \u00ab Le premier projet de ce type que j\u2019ai men\u00e9 portait sur plusieurs sph\u00e8res pr\u00e9sentes en m\u00eame temps et dans un m\u00eame d\u00e9cor, \u00e0 Annecy \u00bb, confie l\u2019artiste.<\/p>\n<table style=\"border-collapse: collapse; width: 100%;\">\n<tbody>\n<tr>\n<td style=\"width: 50%;\"><img loading=\"lazy\" decoding=\"async\" class=\"aligncenter wp-image-1312\" src=\"http:\/\/localhost\/wp-content\/uploads\/IMG_20210801_172153-300x181.jpg\" alt=\"\" width=\"300\" height=\"181\" srcset=\"http:\/\/valderdre.fr\/wrdp\/wp-content\/uploads\/IMG_20210801_172153-300x181.jpg 300w, http:\/\/valderdre.fr\/wrdp\/wp-content\/uploads\/IMG_20210801_172153-200x121.jpg 200w, http:\/\/valderdre.fr\/wrdp\/wp-content\/uploads\/IMG_20210801_172153-768x464.jpg 768w, http:\/\/valderdre.fr\/wrdp\/wp-content\/uploads\/IMG_20210801_172153-24x14.jpg 24w, http:\/\/valderdre.fr\/wrdp\/wp-content\/uploads\/IMG_20210801_172153-36x22.jpg 36w, http:\/\/valderdre.fr\/wrdp\/wp-content\/uploads\/IMG_20210801_172153-48x29.jpg 48w, http:\/\/valderdre.fr\/wrdp\/wp-content\/uploads\/IMG_20210801_172153.jpg 1000w\" sizes=\"auto, (max-width: 300px) 100vw, 300px\" \/><\/td>\n<td style=\"width: 50%;\"><img loading=\"lazy\" decoding=\"async\" class=\"aligncenter wp-image-1314\" src=\"http:\/\/localhost\/wp-content\/uploads\/IMG_20210801_175258-300x249.jpg\" alt=\"\" width=\"218\" height=\"181\" srcset=\"http:\/\/valderdre.fr\/wrdp\/wp-content\/uploads\/IMG_20210801_175258-300x249.jpg 300w, http:\/\/valderdre.fr\/wrdp\/wp-content\/uploads\/IMG_20210801_175258-200x166.jpg 200w, http:\/\/valderdre.fr\/wrdp\/wp-content\/uploads\/IMG_20210801_175258-768x637.jpg 768w, http:\/\/valderdre.fr\/wrdp\/wp-content\/uploads\/IMG_20210801_175258-24x20.jpg 24w, http:\/\/valderdre.fr\/wrdp\/wp-content\/uploads\/IMG_20210801_175258-36x30.jpg 36w, http:\/\/valderdre.fr\/wrdp\/wp-content\/uploads\/IMG_20210801_175258-48x40.jpg 48w, http:\/\/valderdre.fr\/wrdp\/wp-content\/uploads\/IMG_20210801_175258.jpg 1000w\" sizes=\"auto, (max-width: 218px) 100vw, 218px\" \/><\/td>\n<\/tr>\n<\/tbody>\n<\/table>\n<p style=\"text-align: justify;\">Suc\u00e9-sur-Erdre l\u2019a inspir\u00e9e pour la cr\u00e9ation d\u2019une boule unique, qu\u2019elle souhaitait d\u00e9poser \u00ab comme une perle dans un \u00e9crin \u00bb, visible de plusieurs points \u00e0 terre. Son objectif : faire se c\u00f4toyer la peinture et la nature. \u00ab Je recherchais un support en 3D qui puisse vivre dans le paysage, raconte Elsa Tomkowiak. J\u2019avais d\u00e9j\u00e0 effectu\u00e9 plusieurs travaux avec le plastique, \u00e0 Nantes. La sph\u00e8re m\u2019est apparue comme la forme id\u00e9ale, l\u2019abstraction absolue. Il me fallait une mati\u00e8re qui puisse s\u2019y adapter. \u00bb<\/p>\n<p style=\"text-align: justify;\">Les boules qu\u2019elle utilise sont comme d\u2019immenses ballons de baudruche. Elle les peint \u00ab \u00e0 l\u2019aveugle \u00bb, c\u2019est-\u00e0-dire \u00e0 plat, avant qu\u2019ils ne soient gonfl\u00e9s : \u00ab Avec les plis que prend la forme \u00e0 plat, le pinceau rencontre naturellement des accidents et je choisis de les garder. \u00bb<\/p>\n<p style=\"text-align: justify;\">Elle utilise les couleurs du spectre lumineux d\u00e9crit dans le Trait\u00e9 des couleurs de Johann Wolfgang Goethe, travaille \u00e0 base de pigments qu\u2019elle broie et r\u00e9alise ses propres m\u00e9langes d\u2019acrylique. \u00ab Il y a une part de magie et de surprise quand on gonfle la boule et qu\u2019on l\u2019observe enfin jouer avec les \u00e9l\u00e9ments naturels \u00bb, savoure l\u2019artiste.<\/p>\n<p style=\"text-align: justify;\">OTTO II, install\u00e9e le 9 juin dans le port de Suc\u00e9, y restera jusqu\u2019au 15 septembre. Les habitants la retrouveront ensuite trois mois par an, l\u2019\u00e9t\u00e9, pendant trois ans. \u00c9clair\u00e9e la nuit, elle int\u00e8gre d\u00e8s cette ann\u00e9e les \u00ab RDV art de la M\u00e9tropole \u00bb et fait partie des rendez-vous du Voyage \u00e0 Nantes.<\/p>\n<p style=\"text-align: justify;\">\u00ab Les premiers retours sont positifs. Les passants interrog\u00e9s sur ce que leur \u00e9voque l\u2019objet expriment s\u00e9r\u00e9nit\u00e9, joie et bonheur \u00bb, remarque Isabelle Delannoy-Corblin, adjointe \u00e0 l\u2019\u00e9conomie et au tourisme.<\/p>\n<p>En parall\u00e8le, la m\u00e9diath\u00e8que de Suc\u00e9-sur-Erdre re\u00e7oit une exposition sur le travail d\u2019Elsa Tomkowiak jusqu\u2019au 15 septembre, nomm\u00e9e Travail sur la couleur.<\/p>\n<p><span style=\"font-size: 8pt;\"><em>Article Ouest-France du 02\/0702<\/em><\/span><\/p>\n","protected":false},"excerpt":{"rendered":"<p>Suc\u00e9-sur-Erdre. L\u2019Ofni du Voyage \u00e0 Nantes s\u2019ancre dans le port Son \u0153uvre OTTO II fait figure d\u2019Ofni (objet flottant non identifi\u00e9) sur l\u2019Erdre. Vendredi dernier, Elsa Tomkowiak, au cours d\u2019une balade \u00e0 bord du bateau promenade d\u2019Alain Bara (Bretagne fluviale), a r\u00e9v\u00e9l\u00e9 quelques secrets sur son travail. \u00ab Le premier projet de ce type que j\u2019ai men\u00e9 portait sur plusieurs&#46;&#46;&#46;<\/p>\n","protected":false},"author":1,"featured_media":1313,"comment_status":"open","ping_status":"open","sticky":false,"template":"","format":"standard","meta":{"footnotes":""},"categories":[2],"tags":[],"class_list":["post-1310","post","type-post","status-publish","format-standard","has-post-thumbnail","hentry","category-suce-sur-erdre"],"views":859,"_links":{"self":[{"href":"http:\/\/valderdre.fr\/wrdp\/wp-json\/wp\/v2\/posts\/1310","targetHints":{"allow":["GET"]}}],"collection":[{"href":"http:\/\/valderdre.fr\/wrdp\/wp-json\/wp\/v2\/posts"}],"about":[{"href":"http:\/\/valderdre.fr\/wrdp\/wp-json\/wp\/v2\/types\/post"}],"author":[{"embeddable":true,"href":"http:\/\/valderdre.fr\/wrdp\/wp-json\/wp\/v2\/users\/1"}],"replies":[{"embeddable":true,"href":"http:\/\/valderdre.fr\/wrdp\/wp-json\/wp\/v2\/comments?post=1310"}],"version-history":[{"count":5,"href":"http:\/\/valderdre.fr\/wrdp\/wp-json\/wp\/v2\/posts\/1310\/revisions"}],"predecessor-version":[{"id":1319,"href":"http:\/\/valderdre.fr\/wrdp\/wp-json\/wp\/v2\/posts\/1310\/revisions\/1319"}],"wp:featuredmedia":[{"embeddable":true,"href":"http:\/\/valderdre.fr\/wrdp\/wp-json\/wp\/v2\/media\/1313"}],"wp:attachment":[{"href":"http:\/\/valderdre.fr\/wrdp\/wp-json\/wp\/v2\/media?parent=1310"}],"wp:term":[{"taxonomy":"category","embeddable":true,"href":"http:\/\/valderdre.fr\/wrdp\/wp-json\/wp\/v2\/categories?post=1310"},{"taxonomy":"post_tag","embeddable":true,"href":"http:\/\/valderdre.fr\/wrdp\/wp-json\/wp\/v2\/tags?post=1310"}],"curies":[{"name":"wp","href":"https:\/\/api.w.org\/{rel}","templated":true}]}}