{"id":1296,"date":"2021-05-28T21:09:37","date_gmt":"2021-05-28T19:09:37","guid":{"rendered":"http:\/\/localhost\/?p=1296"},"modified":"2021-08-04T21:32:33","modified_gmt":"2021-08-04T19:32:33","slug":"une-fresque-geante-en-mode-street-art","status":"publish","type":"post","link":"http:\/\/valderdre.fr\/wrdp\/une-fresque-geante-en-mode-street-art\/","title":{"rendered":"Une fresque g\u00e9ante en mode street art"},"content":{"rendered":"<p>Suc\u00e9-sur-Erdre. Une fresque g\u00e9ante en mode street art<\/p>\n<p>En 2021, le Salon du Livre jeunesse en Erdre et Gesvres, annul\u00e9 en raison du contexte sanitaire, a d\u00fb se r\u00e9inventer. Le public a \u00e9t\u00e9 priv\u00e9 de la grande f\u00eate annuelle du livre et de sa rencontre avec les auteurs \u00e0 la Papini\u00e8re.<\/p>\n<p>Une grande exposition \u00e0 ciel ouvert a donc \u00e9t\u00e9 organis\u00e9e dans le parc de la mairie, termin\u00e9e fin mai.<\/p>\n<p>Afin de poursuivre le plaisir de cette rencontre avec les \u0153uvres et de garder une trace du passage des auteurs, la communaut\u00e9 de communes Erdre et Gesvres a invit\u00e9 l\u2019illustratrice Wang Li \u00e0 cr\u00e9er une illustration monumentale destin\u00e9e \u00e0 \u00eatre reproduite sur un mur, \u00e0 proximit\u00e9 de la m\u00e9diath\u00e8que, par le collectif Plus de couleurs.<\/p>\n<p style=\"text-align: center;\"><img loading=\"lazy\" decoding=\"async\" class=\"alignnone wp-image-1300\" src=\"http:\/\/localhost\/wp-content\/uploads\/IMG_20210708_104956-300x174.jpg\" alt=\"\" width=\"500\" height=\"291\" srcset=\"http:\/\/valderdre.fr\/wrdp\/wp-content\/uploads\/IMG_20210708_104956-300x174.jpg 300w, http:\/\/valderdre.fr\/wrdp\/wp-content\/uploads\/IMG_20210708_104956-200x116.jpg 200w, http:\/\/valderdre.fr\/wrdp\/wp-content\/uploads\/IMG_20210708_104956-768x446.jpg 768w, http:\/\/valderdre.fr\/wrdp\/wp-content\/uploads\/IMG_20210708_104956-24x14.jpg 24w, http:\/\/valderdre.fr\/wrdp\/wp-content\/uploads\/IMG_20210708_104956-36x21.jpg 36w, http:\/\/valderdre.fr\/wrdp\/wp-content\/uploads\/IMG_20210708_104956-48x28.jpg 48w, http:\/\/valderdre.fr\/wrdp\/wp-content\/uploads\/IMG_20210708_104956.jpg 771w\" sizes=\"auto, (max-width: 500px) 100vw, 500px\" \/><\/p>\n<p>C\u2019est ainsi qu\u2019est n\u00e9 R\u00eave au printemps, comme une ode chatoyante \u00e0 la nature, \u00e0 l\u2019imaginaire et au conte. Cette \u0153uvre devrait \u00eatre la premi\u00e8re d\u2019une longue s\u00e9rie. Contrairement \u00e0 l\u2019esprit pionnier du street art, ces peintures murales auront l\u2019occasion d\u2019\u00eatre p\u00e9rennes dans l\u2019espace public.<\/p>\n<p>Elles feront l\u2019objet d\u2019une commande de la collectivit\u00e9 aux illustrateurs et peintres muralistes. Reli\u00e9es \u00e0 la litt\u00e9rature jeunesse, ces peintures constitueront un album \u00e0 ciel ouvert, invitant \u00e0 la curiosit\u00e9, \u00e0 la r\u00e9flexion ou la contemplation. Cette histoire s\u2019\u00e9crira au fil des \u00e9ditions du salon puisque, chaque ann\u00e9e, une ou plusieurs peintures murales viendront compl\u00e9ter le parcours ainsi cr\u00e9\u00e9, reliant les diff\u00e9rentes \u0153uvres sur le territoire.<\/p>\n<p><strong>BIO EXPRESS<\/strong><\/p>\n<p>Dipl\u00f4m\u00e9e de l\u2019\u00c9cole des beaux-arts de P\u00e9kin, <strong>Wang Li<\/strong> a commenc\u00e9 comme designer de textile. Un nouveau dipl\u00f4me de l\u2019\u00c9cole sup\u00e9rieure des arts d\u00e9coratifs de Strasbourg en poche, elle s\u2019est en suite tourn\u00e9e vers la litt\u00e9rature jeunesse.<\/p>\n<p>Autrice et illustratrice, elle a d\u00e9velopp\u00e9 un univers d\u00e9licat et sensible o\u00f9 r\u00e9sonnent modernit\u00e9 et tradition chinoise. Puissantes, dr\u00f4les, acidul\u00e9es ou g\u00e9n\u00e9reuses, ses images sont r\u00e9alis\u00e9es aux crayons de couleur, \u00e0 la peinture ou en papier d\u00e9coup\u00e9. Elle a notamment r\u00e9alis\u00e9 les deux derni\u00e8res affiches du Salon.<\/p>\n<p>Article Ouest-France du 28\/05\/2021<\/p>\n","protected":false},"excerpt":{"rendered":"<p>Suc\u00e9-sur-Erdre. Une fresque g\u00e9ante en mode street art En 2021, le Salon du Livre jeunesse en Erdre et Gesvres, annul\u00e9 en raison du contexte sanitaire, a d\u00fb se r\u00e9inventer. Le public a \u00e9t\u00e9 priv\u00e9 de la grande f\u00eate annuelle du livre et de sa rencontre avec les auteurs \u00e0 la Papini\u00e8re. Une grande exposition \u00e0 ciel ouvert a donc \u00e9t\u00e9&#46;&#46;&#46;<\/p>\n","protected":false},"author":1,"featured_media":1301,"comment_status":"open","ping_status":"open","sticky":false,"template":"","format":"standard","meta":{"footnotes":""},"categories":[2],"tags":[],"class_list":["post-1296","post","type-post","status-publish","format-standard","has-post-thumbnail","hentry","category-suce-sur-erdre"],"views":914,"_links":{"self":[{"href":"http:\/\/valderdre.fr\/wrdp\/wp-json\/wp\/v2\/posts\/1296","targetHints":{"allow":["GET"]}}],"collection":[{"href":"http:\/\/valderdre.fr\/wrdp\/wp-json\/wp\/v2\/posts"}],"about":[{"href":"http:\/\/valderdre.fr\/wrdp\/wp-json\/wp\/v2\/types\/post"}],"author":[{"embeddable":true,"href":"http:\/\/valderdre.fr\/wrdp\/wp-json\/wp\/v2\/users\/1"}],"replies":[{"embeddable":true,"href":"http:\/\/valderdre.fr\/wrdp\/wp-json\/wp\/v2\/comments?post=1296"}],"version-history":[{"count":6,"href":"http:\/\/valderdre.fr\/wrdp\/wp-json\/wp\/v2\/posts\/1296\/revisions"}],"predecessor-version":[{"id":1305,"href":"http:\/\/valderdre.fr\/wrdp\/wp-json\/wp\/v2\/posts\/1296\/revisions\/1305"}],"wp:featuredmedia":[{"embeddable":true,"href":"http:\/\/valderdre.fr\/wrdp\/wp-json\/wp\/v2\/media\/1301"}],"wp:attachment":[{"href":"http:\/\/valderdre.fr\/wrdp\/wp-json\/wp\/v2\/media?parent=1296"}],"wp:term":[{"taxonomy":"category","embeddable":true,"href":"http:\/\/valderdre.fr\/wrdp\/wp-json\/wp\/v2\/categories?post=1296"},{"taxonomy":"post_tag","embeddable":true,"href":"http:\/\/valderdre.fr\/wrdp\/wp-json\/wp\/v2\/tags?post=1296"}],"curies":[{"name":"wp","href":"https:\/\/api.w.org\/{rel}","templated":true}]}}