{"id":1259,"date":"2020-10-05T21:23:20","date_gmt":"2020-10-05T19:23:20","guid":{"rendered":"http:\/\/localhost\/?p=1259"},"modified":"2021-04-29T21:45:31","modified_gmt":"2021-04-29T19:45:31","slug":"cramezeul","status":"publish","type":"post","link":"http:\/\/valderdre.fr\/wrdp\/cramezeul\/","title":{"rendered":"L&rsquo;Ecluse de Cramezeul"},"content":{"rendered":"<p style=\"text-align: justify;\"><span style=\"color: #3366ff;\"><strong>Nort-sur-Erdre. Les rives du canal de Nantes \u00e0 Brest s\u2019am\u00e9nagent<\/strong>.<\/span><\/p>\n<p>L\u2019\u00e9cluse de Cramezeul, sur le canal de Nantes \u00e0 Brest, inaugure une nouvelle s\u00e9rie d\u2019am\u00e9nagements de d\u00e9tente, avant une g\u00e9n\u00e9ralisation de l\u2019op\u00e9ration \u00e0 partir de 2021.<\/p>\n<p>Le d\u00e9partement de Loire-Atlantique est propri\u00e9taire du canal de Nantes \u00e0 Brest. Il exploite et entretient la portion qui va de Nort-sur-Erdre \u00e0 Saint-Nicolas-de-Redon. \u00ab Nous sommes porteurs d\u2019une ambition forte pour sa valorisation touristique. C\u2019est en lien avec les acteurs locaux que nous am\u00e9liorons la qualit\u00e9 d\u2019accueil, en am\u00e9nageant les abords du canal avec des espaces de d\u00e9tente \u00bb, d\u00e9clare Bernard Lebeau, vice-pr\u00e9sident du D\u00e9partement, en charge du d\u00e9veloppement \u00e9conomique de proximit\u00e9, de l\u2019\u00e9conomie sociale et solidaire, du tourisme et des ports.<\/p>\n<p><img loading=\"lazy\" decoding=\"async\" class=\"aligncenter wp-image-1265\" src=\"http:\/\/localhost\/wp-content\/uploads\/DSCN1244-300x225.jpg\" alt=\"\" width=\"600\" height=\"450\" srcset=\"http:\/\/valderdre.fr\/wrdp\/wp-content\/uploads\/DSCN1244-300x225.jpg 300w, http:\/\/valderdre.fr\/wrdp\/wp-content\/uploads\/DSCN1244-200x150.jpg 200w, http:\/\/valderdre.fr\/wrdp\/wp-content\/uploads\/DSCN1244-768x576.jpg 768w, http:\/\/valderdre.fr\/wrdp\/wp-content\/uploads\/DSCN1244-24x18.jpg 24w, http:\/\/valderdre.fr\/wrdp\/wp-content\/uploads\/DSCN1244-36x27.jpg 36w, http:\/\/valderdre.fr\/wrdp\/wp-content\/uploads\/DSCN1244-48x36.jpg 48w, http:\/\/valderdre.fr\/wrdp\/wp-content\/uploads\/DSCN1244.jpg 1024w\" sizes=\"auto, (max-width: 600px) 100vw, 600px\" \/><\/p>\n<p>C\u2019est dans ce contexte qu\u2019ont \u00e9t\u00e9 d\u00e9voil\u00e9 au public, mercredi, sur le site de l\u2019\u00e9cluse de Cramezeul, de nouveaux am\u00e9nagements en bois. Un aper\u00e7u, en forme de test, des futurs am\u00e9nagements qui verront progressivement le jour le long des 73 km du canal, \u00e0 partir de 2021. Sept sites seront am\u00e9nag\u00e9s : Blain, La Chevalerais, Pont-Miny, Bout-de-Bois, Quiheix, Carheil et Cramezeul.<\/p>\n<p><span style=\"color: #3366ff;\"><strong>Deux ans de pr\u00e9paration<\/strong><\/span><\/p>\n<p>\u00c0 l\u2019issue d\u2019une concertation de deux ans avec neuf communes, cinq intercommunalit\u00e9s et les acteurs du terrain, le D\u00e9partement a engag\u00e9 un projet de valorisation du canal. Il a confi\u00e9 l\u2019\u00e9tude \u00e0 Loire-Atlantique d\u00e9veloppement, afin d\u2019\u00e9laborer un projet r\u00e9unissant des comp\u00e9tences d\u2019am\u00e9nagement et d\u2019ing\u00e9nierie touristique, gr\u00e2ce aux agences de conception, MAP Paysagistes et Quand m\u00eame.<\/p>\n<p>Les maisons \u00e9clusi\u00e8res b\u00e2tissent l\u2019identit\u00e9 du canal, restaur\u00e9es par le D\u00e9partement, elles sont, pour beaucoup d\u2019entre elles, anim\u00e9es par des structures. C\u2019est le collectif la Cueilleuse qui s\u2019est install\u00e9, apr\u00e8s un appel \u00e0 projet organis\u00e9 par le D\u00e9partement, \u00e0 l\u2019\u00e9cluse de Cramezeul. Il propose des activit\u00e9s culturelles, une halte petite restauration et il fabrique et vend du pain.<\/p>\n<p>Haltes privil\u00e9gi\u00e9es pour les promeneurs et plaisanciers, le plateau \u00e9clusier re\u00e7oit ces nouveaux am\u00e9nagements. Ils invitent le promeneur \u00e0 faire escale sur ce mobilier, v\u00e9ritables jeux de plateaux et de poteaux. Ils se combinent et se d\u00e9clinent en plan d\u2019observation, banc, table ou abri ombrag\u00e9, le tout r\u00e9alis\u00e9 \u00e0 partir d\u2019une essence de bois durable et local, le robinier.<\/p>\n<p><strong><em>\u00ab Je marche souvent le long du canal et j\u2019emporte toujours avec moi une chaise pliante pour me reposer et lire au bord de l\u2019eau, d\u00e9clare un promeneur. Avec ce nouveau mobilier, je vais pouvoir m\u2019installer confortablement avec un bouquin \u00e0 la main. \u00bb<\/em><\/strong><\/p>\n<p>OF du 05\/10\/2020<\/p>\n","protected":false},"excerpt":{"rendered":"<p>Nort-sur-Erdre. Les rives du canal de Nantes \u00e0 Brest s\u2019am\u00e9nagent. L\u2019\u00e9cluse de Cramezeul, sur le canal de Nantes \u00e0 Brest, inaugure une nouvelle s\u00e9rie d\u2019am\u00e9nagements de d\u00e9tente, avant une g\u00e9n\u00e9ralisation de l\u2019op\u00e9ration \u00e0 partir de 2021. Le d\u00e9partement de Loire-Atlantique est propri\u00e9taire du canal de Nantes \u00e0 Brest. Il exploite et entretient la portion qui va de Nort-sur-Erdre \u00e0 Saint-Nicolas-de-Redon.&#46;&#46;&#46;<\/p>\n","protected":false},"author":1,"featured_media":1264,"comment_status":"open","ping_status":"open","sticky":false,"template":"","format":"standard","meta":{"footnotes":""},"categories":[5],"tags":[],"class_list":["post-1259","post","type-post","status-publish","format-standard","has-post-thumbnail","hentry","category-le-canal"],"views":2526,"_links":{"self":[{"href":"http:\/\/valderdre.fr\/wrdp\/wp-json\/wp\/v2\/posts\/1259","targetHints":{"allow":["GET"]}}],"collection":[{"href":"http:\/\/valderdre.fr\/wrdp\/wp-json\/wp\/v2\/posts"}],"about":[{"href":"http:\/\/valderdre.fr\/wrdp\/wp-json\/wp\/v2\/types\/post"}],"author":[{"embeddable":true,"href":"http:\/\/valderdre.fr\/wrdp\/wp-json\/wp\/v2\/users\/1"}],"replies":[{"embeddable":true,"href":"http:\/\/valderdre.fr\/wrdp\/wp-json\/wp\/v2\/comments?post=1259"}],"version-history":[{"count":5,"href":"http:\/\/valderdre.fr\/wrdp\/wp-json\/wp\/v2\/posts\/1259\/revisions"}],"predecessor-version":[{"id":1266,"href":"http:\/\/valderdre.fr\/wrdp\/wp-json\/wp\/v2\/posts\/1259\/revisions\/1266"}],"wp:featuredmedia":[{"embeddable":true,"href":"http:\/\/valderdre.fr\/wrdp\/wp-json\/wp\/v2\/media\/1264"}],"wp:attachment":[{"href":"http:\/\/valderdre.fr\/wrdp\/wp-json\/wp\/v2\/media?parent=1259"}],"wp:term":[{"taxonomy":"category","embeddable":true,"href":"http:\/\/valderdre.fr\/wrdp\/wp-json\/wp\/v2\/categories?post=1259"},{"taxonomy":"post_tag","embeddable":true,"href":"http:\/\/valderdre.fr\/wrdp\/wp-json\/wp\/v2\/tags?post=1259"}],"curies":[{"name":"wp","href":"https:\/\/api.w.org\/{rel}","templated":true}]}}