{"id":121,"date":"2020-10-17T21:59:49","date_gmt":"2020-10-17T19:59:49","guid":{"rendered":"http:\/\/localhost\/?p=121"},"modified":"2021-04-06T22:02:30","modified_gmt":"2021-04-06T20:02:30","slug":"le-reve-de-languille","status":"publish","type":"post","link":"http:\/\/valderdre.fr\/wrdp\/le-reve-de-languille\/","title":{"rendered":"Le r\u00eave de l&rsquo;anguille"},"content":{"rendered":"<div style=\"text-align: justify;\"><span style=\"color: #3366ff; font-size: 12pt;\"><b>Le r\u00eave de l\u2019anguille<\/b><\/span><\/div>\n<p style=\"text-align: justify;\"><span style=\"font-size: 12pt;\">Du 2 juillet au 30 octobre 2016<\/span><\/p>\n<p style=\"text-align: justify;\"><span style=\"font-size: 12pt;\">P\u00each\u00e9e, commercialis\u00e9e, cuisin\u00e9e\u2026 l\u2019anguille est mondialement\u00a0c\u00e9l\u00e8bre mais reste \u00e9nigmatique. Le Mus\u00e9e de l\u2019Erdre de\u00a0Carquefou accueille l\u2019exposition Le r\u00eave de l\u2019anguille ; l\u2019occasion\u00a0de d\u00e9couvrir les secrets de cet animal mi-poisson mi-serpent\u00a0vieux de plusieurs millions d\u2019ann\u00e9es.<\/span><\/p>\n<div style=\"text-align: justify;\">\n<p><span style=\"font-size: 12pt;\">Con\u00e7ue par le Parc naturel r\u00e9gional du Marais Poitevin, l\u2019exposition itin\u00e9rante Le r\u00eave de l\u2019anguille invite \u00e0 un parcours \u00e0 travers 5 th\u00e9matiques. D\u00e9couvrez le cycle de vie particulier de l\u2019anguille<\/span><\/p>\n<div>\n<hr id=\"system-readmore\" \/>\n<p><span style=\"font-size: 12pt;\">et sa relation \u00e0 l\u2019Homme. Biologie de l\u2019esp\u00e8ce, techniques de p\u00eache\u00a0et recettes sont compl\u00e9t\u00e9es d\u2019installations ludiques et d\u2019une approche locale pour un \u00ab Voyage \u00e0\u00a0travers l\u2019Erdre \u00bb.<\/span><\/p>\n<\/div>\n<div><\/div>\n<\/div>\n<div style=\"text-align: justify;\"><span style=\"color: #3366ff; font-size: 12pt;\"><b>Voyage \u00e0 travers l\u2019Erdre<\/b><\/span><\/div>\n<div style=\"text-align: justify;\"><span style=\"font-size: 12pt;\">Pour apporter une approche locale et contemporaine \u00e0 l\u2019exposition Le r\u00eave de l\u2019anguille, le Mus\u00e9e\u00a0de l\u2019Erdre a fait appel \u00e0 une anthropologue, Fanny Pacreau. Sp\u00e9cialis\u00e9e dans l\u2019enqu\u00eate ethnographique,\u00a0elle valorise les savoir-faire et les connaissances en travaillant sp\u00e9cifiquement sur le rapport de l\u2019homme\u00a0et de la nature.<\/span><\/div>\n<div style=\"text-align: justify;\"><span style=\"font-size: 12pt;\">Son travail a permis d\u2019enrichir l&rsquo;exposition en lui apportant un contenu actuel et cibl\u00e9 sur l&rsquo;Erdre et\u00a0l&rsquo;anguille. Pour cela, elle a effectu\u00e9 une recherche et une enqu\u00eate de terrain, en \u00e9troite\u00a0collaboration avec les animatrices du mus\u00e9e. Elle a ainsi rencontr\u00e9 de nombreuses personnes : des\u00a0professionnels de la p\u00eache, des associations et des institutions locales telles que la f\u00e9d\u00e9ration de\u00a0p\u00eache, l&rsquo;ONEMA ou l&rsquo;EDENN.<\/span><\/div>\n<div style=\"text-align: justify;\"><span style=\"font-size: 12pt;\">Les reportages r\u00e9alis\u00e9s et les textes r\u00e9dig\u00e9s ont pu \u00eatre int\u00e9gr\u00e9s \u00e0 l&rsquo;exposition\u00a0<b>Le r\u00eave de\u00a0<\/b><b>l&rsquo;anguille\u00a0<\/b>et seront r\u00e9investis par la suite dans l\u2019exposition permanente<b>\u00a0L\u2019Erdre vivante<\/b>.<\/span><\/div>\n<div style=\"text-align: justify;\">\n<ul>\n<li><span style=\"font-size: 12pt;\">Du 2 au 31 juillet et du 24 au 31 ao\u00fbt, du mercredi au dimanche de 14h \u00e0 18h.<\/span><\/li>\n<li><span style=\"font-size: 12pt;\">Du 3 septembre au 16 octobre, mercredi, samedi, dimanche de 14h \u00e0 18h.<\/span><\/li>\n<li><span style=\"font-size: 12pt;\">Du 19 au 30 octobre, du mercredi au dimanche de 14h \u00e0 18h.<\/span><\/li>\n<\/ul>\n<\/div>\n<div style=\"text-align: justify;\"><span style=\"font-size: 12pt;\">Mus\u00e9e ferm\u00e9 du 1er au 23 ao\u00fbt et les jours f\u00e9ri\u00e9s.<\/span><\/div>\n<div style=\"text-align: justify;\"><span style=\"font-size: 12pt;\"><b><span style=\"color: #c0c0c0;\">Tout public \/ Entr\u00e9e gratuite<\/span><\/b><\/span><\/div>\n<div style=\"text-align: justify;\"><\/div>\n<div style=\"text-align: justify;\"><span style=\"font-size: 12pt;\"><b><span style=\"color: #3366ff;\">Autour de l\u2019exposition<\/span>\u00a0:<\/b><\/span><\/div>\n<div style=\"text-align: justify;\"><\/div>\n<div style=\"text-align: justify;\"><span style=\"font-size: 12pt;\"><b><span style=\"color: #33cc99;\"><span style=\"color: #3366ff;\">Dimanches 3 juillet, 4 septembre et 2 octobre \u00e0 15h30<\/span>\u00a0<\/span><\/b><\/span><\/div>\n<div style=\"text-align: justify;\"><span style=\"font-size: 12pt;\"><b>Visite de l\u2019exposition<\/b>\u00a0avec une m\u00e9diatrice du mus\u00e9e.<\/span><\/div>\n<div style=\"text-align: justify;\"><span style=\"font-size: 12pt;\">Tout public \/ 20 min \/ sans inscription. La visite est suivie d\u2019une d\u00e9couverte des Renaudi\u00e8res par\u00a0l\u2019association Le Temps qui passe.<\/span><\/div>\n<div style=\"text-align: justify;\"><\/div>\n<div style=\"text-align: justify;\"><span style=\"color: #3366ff; font-size: 12pt;\"><b>Mercredi 6 juillet de 15h \u00e0 18h\u00a0<\/b><\/span><\/div>\n<div style=\"text-align: justify;\"><span style=\"font-size: 12pt;\"><b>Participation \u00e0 l\u2019\u00e9v\u00e8nement La Grande Semaine, dans le Vallon du Charbonneau<\/b>&#8211; Au bord du Charbonneau, d\u00e9couverte de la p\u00eache \u00e0 coups avec l&rsquo;association USJA Ecole de p\u00eache\u00a0SENSAS de Carquefou. A partir de 8 ans \/ sans inscription.- Sous le chapiteau, temps d\u2019\u00e9change, projections et lectures sur les ruisseaux et la p\u00eache \u00e0\u00a0l\u2019anguille, avec l&rsquo;association Le Temps qui passe et le Mus\u00e9e de l\u2019Erdre.<\/span><\/div>\n<div style=\"text-align: justify;\"><span style=\"font-size: 12pt;\"><b><span style=\"color: #c0c0c0;\">Tout public \/ sans inscription<\/span><\/b>.<\/span><\/div>\n<div style=\"text-align: justify;\"><\/div>\n<div style=\"text-align: justify;\"><span style=\"color: #3366ff; font-size: 12pt;\"><b>Jeudi 6 octobre \u00e0 19h<\/b><\/span><\/div>\n<div style=\"text-align: justify;\"><span style=\"font-size: 12pt;\"><b>Conf\u00e9rence : La vie myst\u00e9rieuse de l\u2019anguille\u00a0<\/b><\/span><\/div>\n<div style=\"text-align: justify;\"><span style=\"font-size: 12pt;\">Eric Feunteun, scientifique du Mus\u00e9um national d\u2019histoire naturelle, nous \u00e9claire sur cet animal miserpent\u00a0mi-poisson, vieux de 30 millions d\u2019ann\u00e9es. Chercheur fascin\u00e9 par l\u2019anguille, il est l\u2019auteur\u00a0de l\u2019ouvrage Le r\u00eave de l\u2019anguille, une sentinelle en danger.<\/span><\/div>\n<div style=\"text-align: justify;\"><span style=\"font-size: 12pt;\"><b><span style=\"color: #c0c0c0;\">Tout public \/ 1h \/ sur r\u00e9servation<\/span><\/b><\/span><\/div>\n<div style=\"text-align: justify;\"><\/div>\n<div style=\"text-align: justify;\"><span style=\"color: #3366ff; font-size: 12pt;\"><b>Vendredi 28 octobre \u00e0 20h30<\/b><\/span><\/div>\n<div style=\"text-align: justify;\"><span style=\"font-size: 12pt;\"><b>L\u2019anguille : de la rivi\u00e8re \u00e0 la table\u00a0<\/b><\/span><\/div>\n<div style=\"text-align: justify;\"><span style=\"font-size: 12pt;\">Veill\u00e9e concert autour de l\u2019anguille : de la p\u00eache \u00e0 la gastronomie, le poisson de l\u2019Erdre sera la star\u00a0de la soir\u00e9e gr\u00e2ce aux chants traditionnels et aux contes propos\u00e9s par l\u2019association Dastum 44.<\/span><\/div>\n<div style=\"text-align: justify;\"><span style=\"font-size: 12pt;\"><b><span style=\"color: #c0c0c0;\">Tout public \/ 1h \/ sur r\u00e9servation<\/span><\/b><\/span><\/div>\n<div style=\"text-align: justify;\"><span style=\"font-size: 12pt;\"><b>Entr\u00e9e gratuite \/ Toutes les animations sont gratuites d\u2019acc\u00e8s<\/b>.<\/span><\/div>\n<div style=\"text-align: justify;\"><\/div>\n<div style=\"text-align: justify;\"><span style=\"font-size: 12pt;\">Contact:\u00a0<b>Mathilde Morgan<\/b>\u00a0&#8211; 02 28 22 24 45 &#8211;\u00a0<a href=\"http:\/\/www.carquefou.fr\/musee\" target=\"_blank\" rel=\"noopener noreferrer\"><b>www.carquefou.fr\/musee<\/b><\/a><\/span><\/div>\n","protected":false},"excerpt":{"rendered":"<p>Le r\u00eave de l\u2019anguille Du 2 juillet au 30 octobre 2016 P\u00each\u00e9e, commercialis\u00e9e, cuisin\u00e9e\u2026 l\u2019anguille est mondialement\u00a0c\u00e9l\u00e8bre mais reste \u00e9nigmatique. Le Mus\u00e9e de l\u2019Erdre de\u00a0Carquefou accueille l\u2019exposition Le r\u00eave de l\u2019anguille ; l\u2019occasion\u00a0de d\u00e9couvrir les secrets de cet animal mi-poisson mi-serpent\u00a0vieux de plusieurs millions d\u2019ann\u00e9es. Con\u00e7ue par le Parc naturel r\u00e9gional du Marais Poitevin, l\u2019exposition itin\u00e9rante Le r\u00eave de l\u2019anguille&#46;&#46;&#46;<\/p>\n","protected":false},"author":1,"featured_media":979,"comment_status":"open","ping_status":"open","sticky":false,"template":"","format":"standard","meta":{"footnotes":""},"categories":[11],"tags":[],"class_list":["post-121","post","type-post","status-publish","format-standard","has-post-thumbnail","hentry","category-lerdre"],"views":953,"_links":{"self":[{"href":"http:\/\/valderdre.fr\/wrdp\/wp-json\/wp\/v2\/posts\/121","targetHints":{"allow":["GET"]}}],"collection":[{"href":"http:\/\/valderdre.fr\/wrdp\/wp-json\/wp\/v2\/posts"}],"about":[{"href":"http:\/\/valderdre.fr\/wrdp\/wp-json\/wp\/v2\/types\/post"}],"author":[{"embeddable":true,"href":"http:\/\/valderdre.fr\/wrdp\/wp-json\/wp\/v2\/users\/1"}],"replies":[{"embeddable":true,"href":"http:\/\/valderdre.fr\/wrdp\/wp-json\/wp\/v2\/comments?post=121"}],"version-history":[{"count":7,"href":"http:\/\/valderdre.fr\/wrdp\/wp-json\/wp\/v2\/posts\/121\/revisions"}],"predecessor-version":[{"id":412,"href":"http:\/\/valderdre.fr\/wrdp\/wp-json\/wp\/v2\/posts\/121\/revisions\/412"}],"wp:featuredmedia":[{"embeddable":true,"href":"http:\/\/valderdre.fr\/wrdp\/wp-json\/wp\/v2\/media\/979"}],"wp:attachment":[{"href":"http:\/\/valderdre.fr\/wrdp\/wp-json\/wp\/v2\/media?parent=121"}],"wp:term":[{"taxonomy":"category","embeddable":true,"href":"http:\/\/valderdre.fr\/wrdp\/wp-json\/wp\/v2\/categories?post=121"},{"taxonomy":"post_tag","embeddable":true,"href":"http:\/\/valderdre.fr\/wrdp\/wp-json\/wp\/v2\/tags?post=121"}],"curies":[{"name":"wp","href":"https:\/\/api.w.org\/{rel}","templated":true}]}}