{"id":119,"date":"2020-10-17T21:57:17","date_gmt":"2020-10-17T19:57:17","guid":{"rendered":"http:\/\/localhost\/?p=119"},"modified":"2021-04-07T23:15:51","modified_gmt":"2021-04-07T21:15:51","slug":"musee-de-lerdre","status":"publish","type":"post","link":"http:\/\/valderdre.fr\/wrdp\/musee-de-lerdre\/","title":{"rendered":"Mus\u00e9e de l&rsquo;Erdre"},"content":{"rendered":"<div>Exposition<\/div>\n<div style=\"text-align: justify;\"><span style=\"font-size: 12pt;\"><b><span style=\"color: #0000ff;\">Marie-No\u00eblle Fontan &#8211; D\u2019ici et d\u2019ailleurs<\/span><\/b><\/span><\/div>\n<div style=\"text-align: justify;\"><span style=\"font-size: 12pt;\"><b><span style=\"color: #0000ff;\">Du 31 mars au 24 juin au mus\u00e9e<\/span><\/b><\/span><\/div>\n<div style=\"text-align: justify;\">\n<p><span style=\"font-size: 12pt;\"><b><span style=\"color: #0000ff;\">Du 26 mai au 24 juin au manoir<\/span><\/b><\/span><\/p>\n<\/div>\n<div style=\"text-align: justify;\"><span style=\"font-size: 12pt;\">Cette nouvelle saison au mus\u00e9e sera l\u2019occasion de faire le lien entre la cr\u00e9ation artistique et la biodiversit\u00e9 locale. Avec le printemps, le tissage v\u00e9g\u00e9tal est \u00e0 l\u2019honneur aux Renaudi\u00e8res avec deux expositions de Marie-No\u00eblle Fontan.<\/span><\/div>\n<div style=\"text-align: justify;\"><\/div>\n<div style=\"text-align: justify;\"><span style=\"font-size: 12pt;\">Pr\u00e9sent\u00e9es au mus\u00e9e et au manoir, les cr\u00e9ations de Marie-No\u00eblle Fontan se trouvent au croisement de l\u2019art et de l\u2019artisanat. Constitu\u00e9s d\u2019esp\u00e8ces locales (au mus\u00e9e) et de plantes exotiques ramen\u00e9es d\u2019Am\u00e9rique latine (au manoir), ses tissages se d\u00e9ploient aux Renaudi\u00e8res pour \u00e9voquer ses inspirations D\u2019ici et d\u2019ailleurs. Au c\u0153ur de ses textiles\u00a0s\u2019entrem\u00ealent les fils de coton, de laine, de lin, ou de chanvre et les esp\u00e8ces communes des bords de l\u2019Erdre comme le jonc, l\u2019aulne ou la ch\u00e2taigne d\u2019eau. Ces fibres s\u2019entrelacent dans son m\u00e9tier \u00e0 tisser pour former d\u2019\u00e9tonnantes cr\u00e9ations v\u00e9g\u00e9tales.<\/span><\/div>\n<div style=\"text-align: justify;\"><\/div>\n<div style=\"text-align: justify;\"><span style=\"font-size: 12pt;\">Des animations sont propos\u00e9es en lien avec l\u2019exposition : visites comment\u00e9es, sorties nature, ateliers-famille et moments festifs aux Renaudi\u00e8res.<\/span><\/div>\n<div style=\"text-align: justify;\"><\/div>\n<div style=\"text-align: justify;\"><span style=\"font-size: 12pt;\"><b>Surprises musicales au mus\u00e9e par l\u2019\u00e9cole de musique.<br \/>\nSamedi 31 mars de 14h \u00e0 18h\u00a0<\/b><\/span><br \/>\n<span style=\"font-size: 12pt;\"><b><br \/>\nLes visites du 1er dimanche du mois des Renaudi\u00e8res\u00a0<\/b><\/span><br \/>\n<span style=\"font-size: 12pt;\">Visites de l\u2019exposition D\u2019ici et d\u2019ailleurs avec une m\u00e9diatrice du mus\u00e9e.<\/span><br \/>\n<span style=\"font-size: 12pt;\">Le dimanche 1er avril \u00e0 15h30. Tout public \/ 20 min \/ sans inscription. A 16h, visite au manoir et 16h30 d\u00e9couverte des Renaudi\u00e8res par l\u2019association Le Temps qui passe.<\/span><\/div>\n<div><\/div>\n<div style=\"text-align: justify;\"><span style=\"font-size: 12pt;\"><b>Sortie nature \u00e0 la d\u00e9couverte de la vannerie sauvage<\/b><\/span><br \/>\n<span style=\"font-size: 12pt;\">Apprenez \u00e0 tisser avec la flore locale. Suivez Babeth Ollivier de Folle Brindille \u00e0 la recherche<\/span><\/div>\n<div style=\"text-align: justify;\"><span style=\"font-size: 12pt;\">des v\u00e9g\u00e9taux n\u00e9cessaires \u00e0 la r\u00e9alisation d\u2019un petit objet. Une animation en lien avec\u00a0l\u2019exposition.<\/span><br \/>\n<span style=\"font-size: 12pt;\">Samedi 14 avril de 14h \u00e0 17h Tout public \/ 3h \/ sur r\u00e9servation (places limit\u00e9es).<\/span><br \/>\n<span style=\"font-size: 12pt;\"><b><br \/>\nAtelier-famille \u00e0 la d\u00e9couverte de la vannerie sauvage<\/b><\/span><br \/>\n<span style=\"font-size: 12pt;\">Avec Babeth Ollivier de Folle brindille, d\u00e9couverte du tissage v\u00e9g\u00e9tal \u00e0 travers les \u0153uvres de Marie-No\u00eblle Fontan et l\u2019exposition D\u2019ici et d\u2019ailleurs\u2026 puis fabrication d\u2019objets buissonniers.<\/span><br \/>\n<span style=\"font-size: 12pt;\">Mercredi 25 avril de 15h \u00e0 17h Tout public \/ visite libre \/ atelier sur r\u00e9servation.<\/span><\/div>\n<div><\/div>\n<div style=\"text-align: justify;\"><span style=\"font-size: 12pt;\"><b>Et aussi :<\/b><\/span><\/div>\n<div style=\"text-align: justify;\"><span style=\"font-size: 12pt;\"><b>Exposition permanente L\u2019Erdre vivante<\/b><\/span><br \/>\n<span style=\"font-size: 12pt;\">Explorez la partie navigable de la rivi\u00e8re, de Nantes \u00e0 Nort-sur-Erdre, \u00e0 travers une sc\u00e9nographie chaleureuse et ludique. La pr\u00e9sentation met en avant les rapports entre l\u2019homme et l\u2019Erdre. Elle propose un regard sur les activit\u00e9s de travail et de loisirs, pass\u00e9es et actuelles. En 2018, la sc\u00e9nographie du Mus\u00e9e de l\u2019Erdre continue de s\u2019enrichir.\u00a0Des Carnets de navigateurs pour les familles sont disponibles, sur demande, \u00e0 l\u2019accueil du mus\u00e9e (5-7 ans et 8-12 ans). Accueil des groupes toute l\u2019ann\u00e9e sur r\u00e9servation.<\/span><\/div>\n<div><\/div>\n<div style=\"text-align: justify;\"><span style=\"font-size: 12pt;\"><b>Baludik vous emm\u00e8ne en balade autour des Renaudi\u00e8res !<\/b><\/span><br \/>\n<span style=\"font-size: 12pt;\">Cette application touristique pour Smartphone vous permet de d\u00e9couvrir les abords du mus\u00e9e gr\u00e2ce \u00e0 un jeu de piste. Avis aux amateurs de balades ludiques !<\/span><br \/>\n<span style=\"font-size: 12pt;\">T\u00e9l\u00e9chargement gratuit sur www.baludik.fr<\/span><\/div>\n<div><\/div>\n<div style=\"text-align: justify;\"><span style=\"font-size: 12pt;\"><b>Exposition pr\u00e9sent\u00e9e du 31 mars au 24 juin 2018 :<\/b><\/span><\/div>\n<ul>\n<li><span style=\"font-size: 12pt;\">Hors vacances scolaires le mercredi, le samedi et le dimanche de 14h \u00e0 18h<\/span><\/li>\n<li><span style=\"font-size: 12pt;\"><span style=\"font-size: 12pt;\">Pendant les vacances scolaires du mercredi au dimanche de 14h \u00e0 18h<\/span><\/span><\/li>\n<\/ul>\n<p><span style=\"font-size: 12pt;\"><b>A noter<\/b>\u00a0: fermeture du Mus\u00e9e de l\u2019Erdre les jours f\u00e9ri\u00e9s.<\/span><\/p>\n<p><span style=\"font-size: 12pt;\"><span style=\"font-size: 12pt;\"><b>Entr\u00e9e gratuite \/ Toutes les animations sont gratuites d\u2019acc\u00e8s.<\/b><\/span><\/span><\/p>\n","protected":false},"excerpt":{"rendered":"<p>Exposition Marie-No\u00eblle Fontan &#8211; D\u2019ici et d\u2019ailleurs Du 31 mars au 24 juin au mus\u00e9e Du 26 mai au 24 juin au manoir Cette nouvelle saison au mus\u00e9e sera l\u2019occasion de faire le lien entre la cr\u00e9ation artistique et la biodiversit\u00e9 locale. Avec le printemps, le tissage v\u00e9g\u00e9tal est \u00e0 l\u2019honneur aux Renaudi\u00e8res avec deux expositions de Marie-No\u00eblle Fontan. Pr\u00e9sent\u00e9es&#46;&#46;&#46;<\/p>\n","protected":false},"author":1,"featured_media":919,"comment_status":"open","ping_status":"open","sticky":false,"template":"","format":"standard","meta":{"footnotes":""},"categories":[2],"tags":[],"class_list":["post-119","post","type-post","status-publish","format-standard","has-post-thumbnail","hentry","category-suce-sur-erdre"],"views":921,"_links":{"self":[{"href":"http:\/\/valderdre.fr\/wrdp\/wp-json\/wp\/v2\/posts\/119","targetHints":{"allow":["GET"]}}],"collection":[{"href":"http:\/\/valderdre.fr\/wrdp\/wp-json\/wp\/v2\/posts"}],"about":[{"href":"http:\/\/valderdre.fr\/wrdp\/wp-json\/wp\/v2\/types\/post"}],"author":[{"embeddable":true,"href":"http:\/\/valderdre.fr\/wrdp\/wp-json\/wp\/v2\/users\/1"}],"replies":[{"embeddable":true,"href":"http:\/\/valderdre.fr\/wrdp\/wp-json\/wp\/v2\/comments?post=119"}],"version-history":[{"count":9,"href":"http:\/\/valderdre.fr\/wrdp\/wp-json\/wp\/v2\/posts\/119\/revisions"}],"predecessor-version":[{"id":397,"href":"http:\/\/valderdre.fr\/wrdp\/wp-json\/wp\/v2\/posts\/119\/revisions\/397"}],"wp:featuredmedia":[{"embeddable":true,"href":"http:\/\/valderdre.fr\/wrdp\/wp-json\/wp\/v2\/media\/919"}],"wp:attachment":[{"href":"http:\/\/valderdre.fr\/wrdp\/wp-json\/wp\/v2\/media?parent=119"}],"wp:term":[{"taxonomy":"category","embeddable":true,"href":"http:\/\/valderdre.fr\/wrdp\/wp-json\/wp\/v2\/categories?post=119"},{"taxonomy":"post_tag","embeddable":true,"href":"http:\/\/valderdre.fr\/wrdp\/wp-json\/wp\/v2\/tags?post=119"}],"curies":[{"name":"wp","href":"https:\/\/api.w.org\/{rel}","templated":true}]}}