{"id":117,"date":"2020-10-17T21:54:54","date_gmt":"2020-10-17T19:54:54","guid":{"rendered":"http:\/\/localhost\/?p=117"},"modified":"2021-10-28T22:04:58","modified_gmt":"2021-10-28T20:04:58","slug":"festival-les-rendez-vous-de-lerdre","status":"publish","type":"post","link":"http:\/\/valderdre.fr\/wrdp\/festival-les-rendez-vous-de-lerdre\/","title":{"rendered":"Festival Les Rendez-vous de l&rsquo;Erdre"},"content":{"rendered":"<h2><span style=\"font-size: 12pt; text-align: justify;\">32e \u00c9DITION<\/span><\/h2>\n<div class=\"flexbox-centering\">\n<div class=\"child\">\n<h5 style=\"text-align: justify;\"><span style=\"font-size: 12pt;\">DU 27 AO\u00dbT AU 2 SEPTEMBRE 2018<\/span><\/h5>\n<\/div>\n<\/div>\n<p style=\"text-align: justify;\"><span style=\"font-family: arial, helvetica, sans-serif; font-size: 12pt;\">Le festival Les Rendez-vous de l\u2019Erdre c\u00e9l\u00e8bre le mariage in\u00e9dit du Jazz et de la Belle plaisance. Il offre une programmation riche d\u2019une centaine de concerts, ouverte \u00e0 tous les courants du jazz d\u2019aujourd\u2019hui, et r\u00e9unit 200 bateaux remarquables\u00a0dont certains class\u00e9s monument historique, \u00e0 quai ou en navigation,\u00a0donnant \u00e0 la f\u00eate son caract\u00e8re unique !<\/span><\/p>\n<hr id=\"system-readmore\" \/>\n<p style=\"text-align: justify;\"><span style=\"font-size: 12pt;\"><span style=\"font-family: arial, helvetica, sans-serif;\"><b>Une semaine enti\u00e8re de festival ?<br \/>\n<\/b><\/span><b><br \/>\n<\/b>32 ans que Les Rendez-vous de l\u2019Erdre se construisent, s\u2019\u00e9toffent et se vivent le long de cette rivi\u00e8re \u00e0 la fois sauvage et urbaine.<\/span><\/p>\n<p style=\"text-align: justify;\"><span style=\"font-size: 12pt;\">En mouvement perp\u00e9tuel, le festival se d\u00e9ploie aujourd\u2019hui, bien au del\u00e0 d\u2019un week-end de fin d\u2019\u00e9t\u00e9 : en pr\u00e9lude il s\u2019ancre dans les quartiers, les caf\u00e9s-cultures, quelques lieux insolites et remonte m\u00eame jusqu\u2019aux rives du canal de Nantes \u00e0 Brest ! Tout un programme qui s\u2019annonce d\u00e9sormais\u00a0sur une semaine enti\u00e8re, du 27 ao\u00fbt au 2 septembre.<\/span><\/p>\n<p style=\"text-align: justify;\"><span style=\"font-size: 12pt;\">Accompagn\u00e9e d\u2019un visuel sign\u00e9\u00a0<a href=\"http:\/\/appellemoipapa.fr\/\">Appelle-moi Papa<\/a><span style=\"font-family: arial, helvetica, sans-serif;\">, qui nous rappelle avec malice que l\u2019Erdre est le terrain de jeu favori du festival, cette \u00e9dition 2018 s\u2019annonce expansive, dense et cr\u00e9ative !<br \/>\n<\/span><\/span><\/p>\n<div style=\"text-align: justify;\"><span style=\"font-size: 12pt;\"><b><br \/>\n<\/b><\/span><\/p>\n<div>\n<p><span style=\"font-size: 12pt;\"><b><a title=\"Le programme est disponible !\" href=\"http:\/\/www.rendezvouserdre.com\/\" target=\"_blank\" rel=\"noopener noreferrer\">Le programme est disponible !<\/a><\/b><\/span><\/p>\n<p><span style=\"font-size: 12pt;\"><b>Pour bien pr\u00e9parer votre festival, feuilletez le programme des RDV de l\u2019Erdre 2018.<br \/>\n<\/b><b>PROGRAMME RDV DE L&rsquo;ERDRE 2018 Vous pouvez aussi d\u00e9couvrir le programmation jazz par jour ou par lieu ainsi que le programme du Off !<\/b><b>\u00a0<\/b><\/span><\/p>\n<\/div>\n<\/div>\n<p style=\"text-align: justify;\"><span style=\"font-size: 12pt;\"><a href=\"http:\/\/www.rendezvouserdre.com\/\" target=\"_blank\" rel=\"noopener noreferrer\">Sources: site rendezvouserdre.com<\/a><\/span><\/p>\n<div style=\"text-align: justify;\"><\/div>\n","protected":false},"excerpt":{"rendered":"<p>32e \u00c9DITION DU 27 AO\u00dbT AU 2 SEPTEMBRE 2018 Le festival Les Rendez-vous de l\u2019Erdre c\u00e9l\u00e8bre le mariage in\u00e9dit du Jazz et de la Belle plaisance. Il offre une programmation riche d\u2019une centaine de concerts, ouverte \u00e0 tous les courants du jazz d\u2019aujourd\u2019hui, et r\u00e9unit 200 bateaux remarquables\u00a0dont certains class\u00e9s monument historique, \u00e0 quai ou en navigation,\u00a0donnant \u00e0 la f\u00eate&#46;&#46;&#46;<\/p>\n","protected":false},"author":1,"featured_media":0,"comment_status":"open","ping_status":"open","sticky":false,"template":"","format":"standard","meta":{"footnotes":""},"categories":[2],"tags":[],"class_list":["post-117","post","type-post","status-publish","format-standard","hentry","category-suce-sur-erdre"],"views":825,"_links":{"self":[{"href":"http:\/\/valderdre.fr\/wrdp\/wp-json\/wp\/v2\/posts\/117","targetHints":{"allow":["GET"]}}],"collection":[{"href":"http:\/\/valderdre.fr\/wrdp\/wp-json\/wp\/v2\/posts"}],"about":[{"href":"http:\/\/valderdre.fr\/wrdp\/wp-json\/wp\/v2\/types\/post"}],"author":[{"embeddable":true,"href":"http:\/\/valderdre.fr\/wrdp\/wp-json\/wp\/v2\/users\/1"}],"replies":[{"embeddable":true,"href":"http:\/\/valderdre.fr\/wrdp\/wp-json\/wp\/v2\/comments?post=117"}],"version-history":[{"count":4,"href":"http:\/\/valderdre.fr\/wrdp\/wp-json\/wp\/v2\/posts\/117\/revisions"}],"predecessor-version":[{"id":1461,"href":"http:\/\/valderdre.fr\/wrdp\/wp-json\/wp\/v2\/posts\/117\/revisions\/1461"}],"wp:attachment":[{"href":"http:\/\/valderdre.fr\/wrdp\/wp-json\/wp\/v2\/media?parent=117"}],"wp:term":[{"taxonomy":"category","embeddable":true,"href":"http:\/\/valderdre.fr\/wrdp\/wp-json\/wp\/v2\/categories?post=117"},{"taxonomy":"post_tag","embeddable":true,"href":"http:\/\/valderdre.fr\/wrdp\/wp-json\/wp\/v2\/tags?post=117"}],"curies":[{"name":"wp","href":"https:\/\/api.w.org\/{rel}","templated":true}]}}