{"id":1032,"date":"2020-10-01T17:35:59","date_gmt":"2020-10-01T15:35:59","guid":{"rendered":"http:\/\/localhost\/?p=1032"},"modified":"2021-04-17T17:39:52","modified_gmt":"2021-04-17T15:39:52","slug":"pontivy_halage","status":"publish","type":"post","link":"http:\/\/valderdre.fr\/wrdp\/pontivy_halage\/","title":{"rendered":"Pontivy. Halage et attelage recherche des archives sur le canal de Nantes \u00e0 Brest"},"content":{"rendered":"<p style=\"text-align: justify;\">Pontivy. Halage et attelage recherche des archives sur le canal de Nantes \u00e0 Brest<\/p>\n<p>L\u2019association Halage et attelage pr\u00e9pare une exposition sur la section Josselin-Pontivy du canal de Nantes \u00e0 Brest. Pour mener \u00e0 bien ce projet, elle compte sur vos souvenirs et vos archives.<\/p>\n<p style=\"text-align: justify;\">Cr\u00e9\u00e9e en 2016 par des amis passionn\u00e9s de canaux, de navigation et de chevaux, l\u2019association Halage et attelage pr\u00e9pare une exposition sur la section Josselin-Pontivy du canal de Nantes \u00e0 Brest.<\/p>\n<p>Pour mener \u00e0 bien ce projet, elle compte sur vos souvenirs et vos archives : anecdotes, cartes postales, photos, livres, chansons, dessins, objets\u2026<\/p>\n<p style=\"text-align: justify;\"><span style=\"color: #3366ff;\"><strong>Cinq bornes interactives<\/strong><\/span><br \/>\nLes informations r\u00e9colt\u00e9es seront pr\u00e9sent\u00e9es sur grand \u00e9cran, avec cinq bornes interactives qui aborderont trente-trois th\u00e8mes. L\u2019objectif ? \u00ab Faire d\u00e9couvrir \u00e0 chacun les multiples facettes de ce canal vieux de 200 ans \u00bb, selon Patrick Grimault, pr\u00e9sident de l\u2019association.<\/p>\n<p style=\"text-align: justify;\">Cette exposition num\u00e9rique sera visible \u00e0 Josselin au printemps 2021 et dans le cadre de la f\u00eate Pontivy au fil de l\u2019eau, en juin 2021. Itin\u00e9rante, elle pourra se d\u00e9placer \u00e0 la demande dans les mairies, les \u00e9coles, etc.<\/p>\n<p style=\"text-align: justify;\">Pour apporter votre contribution, rendez-vous mercredi 14 octobre, de 17 h \u00e0 19 h, au chantier naval Kerduchad, rue des Fr\u00e8res-Cornec \u00e0 Pontivy, ou samedi 17 octobre, de 15 h \u00e0 18 h, \u00e0 la maison \u00e9clusi\u00e8re n\u00b038 D, Le Rouvray aux Forges de Lanou\u00e9e.<\/p>\n<p>Vous pouvez aussi contacter Patrick Grimault au 06 89 83 27 58 ou sur halage@halage.bzh<\/p>\n<p><span style=\"font-size: 8pt;\"><em>Article Ouest-France du 01\/10\/2020<\/em><\/span><\/p>\n<p>&nbsp;<\/p>\n","protected":false},"excerpt":{"rendered":"<p>Pontivy. Halage et attelage recherche des archives sur le canal de Nantes \u00e0 Brest L\u2019association Halage et attelage pr\u00e9pare une exposition sur la section Josselin-Pontivy du canal de Nantes \u00e0 Brest. Pour mener \u00e0 bien ce projet, elle compte sur vos souvenirs et vos archives. Cr\u00e9\u00e9e en 2016 par des amis passionn\u00e9s de canaux, de navigation et de chevaux, l\u2019association&#46;&#46;&#46;<\/p>\n","protected":false},"author":1,"featured_media":1033,"comment_status":"open","ping_status":"open","sticky":false,"template":"","format":"standard","meta":{"footnotes":""},"categories":[5],"tags":[],"class_list":["post-1032","post","type-post","status-publish","format-standard","has-post-thumbnail","hentry","category-le-canal"],"views":1937,"_links":{"self":[{"href":"http:\/\/valderdre.fr\/wrdp\/wp-json\/wp\/v2\/posts\/1032","targetHints":{"allow":["GET"]}}],"collection":[{"href":"http:\/\/valderdre.fr\/wrdp\/wp-json\/wp\/v2\/posts"}],"about":[{"href":"http:\/\/valderdre.fr\/wrdp\/wp-json\/wp\/v2\/types\/post"}],"author":[{"embeddable":true,"href":"http:\/\/valderdre.fr\/wrdp\/wp-json\/wp\/v2\/users\/1"}],"replies":[{"embeddable":true,"href":"http:\/\/valderdre.fr\/wrdp\/wp-json\/wp\/v2\/comments?post=1032"}],"version-history":[{"count":3,"href":"http:\/\/valderdre.fr\/wrdp\/wp-json\/wp\/v2\/posts\/1032\/revisions"}],"predecessor-version":[{"id":1036,"href":"http:\/\/valderdre.fr\/wrdp\/wp-json\/wp\/v2\/posts\/1032\/revisions\/1036"}],"wp:featuredmedia":[{"embeddable":true,"href":"http:\/\/valderdre.fr\/wrdp\/wp-json\/wp\/v2\/media\/1033"}],"wp:attachment":[{"href":"http:\/\/valderdre.fr\/wrdp\/wp-json\/wp\/v2\/media?parent=1032"}],"wp:term":[{"taxonomy":"category","embeddable":true,"href":"http:\/\/valderdre.fr\/wrdp\/wp-json\/wp\/v2\/categories?post=1032"},{"taxonomy":"post_tag","embeddable":true,"href":"http:\/\/valderdre.fr\/wrdp\/wp-json\/wp\/v2\/tags?post=1032"}],"curies":[{"name":"wp","href":"https:\/\/api.w.org\/{rel}","templated":true}]}}