{"id":1025,"date":"2021-02-12T22:25:58","date_gmt":"2021-02-12T21:25:58","guid":{"rendered":"http:\/\/localhost\/?p=1025"},"modified":"2021-04-17T17:42:58","modified_gmt":"2021-04-17T15:42:58","slug":"canal_blain","status":"publish","type":"post","link":"http:\/\/valderdre.fr\/wrdp\/canal_blain\/","title":{"rendered":"Le canal de Nantes \u00e0 Brest aura son espace touristique \u00e0 Blain"},"content":{"rendered":"<p><strong><span style=\"color: #3366ff;\">Le canal de Nantes \u00e0 Brest aura son espace touristique \u00e0 Blain<\/span><\/strong><\/p>\n<p>Le canal de Nantes \u00e0 Brest fait l\u2019objet de toute l\u2019attention du conseil d\u00e9partemental qui poursuit une s\u00e9rie de travaux. Il va engager 7 M\u20ac pour r\u00e9aliser, \u00e0 Blain, un espace touristique qui lui sera d\u00e9di\u00e9.<\/p>\n<p>Le D\u00e9partement va engager, d\u2019ici 2025, 7 M\u20ac pour la r\u00e9alisation \u00e0 Blain d\u2019un espace touristique d\u00e9di\u00e9 au canal de Nantes \u00e0 Brest. Parall\u00e8lement, un important programme de travaux est pr\u00e9vu en 2021 pour l\u2019entretien du patrimoine fluvial de Loire-Atlantique.<\/p>\n<p><span style=\"color: #3366ff;\"><strong>Une halte destin\u00e9e aux itin\u00e9rants, cyclos, randonneurs, navigants<\/strong><\/span><br \/>\nCe projet vise un rayonnement interr\u00e9gional\u200b, annonce Bernard Lebeau (DVG), vice-pr\u00e9sident en charge du tourisme et des ports, en pr\u00e9sentant cet espace qui doit ouvrir au public en 2025 et am\u00e9nag\u00e9 \u00e0 la place de l\u2019ancien centre d\u2019intervention routier du D\u00e9partement. Ce site de 1 300 m2 permettra au public de d\u00e9couvrir les richesses du canal et de voyager \u00e0 travers son histoire, <strong>&lt;&lt; en proposant une exp\u00e9rience de visite innovante et p\u00e9dagogique bas\u00e9e sur une nouvelle pratique mus\u00e9ographique \u00e0 travers l\u2019immersion, type jeux de r\u00f4le\u200b &gt;&gt;<\/strong>.<\/p>\n<p>Ce sera \u00e9galement une halte destin\u00e9e aux itin\u00e9rants, cyclos, randonneurs, navigants qui proposera un des services mutualis\u00e9s associ\u00e9s \u00e0 un espace de d\u00e9tente et d\u2019accueil. <strong>&lt;&lt; Une offre compl\u00e9mentaire \u00e0 proximit\u00e9 du site, balade fluviale, location de v\u00e9lo, cano\u00eb, restauration, devra \u00eatre d\u00e9velopp\u00e9e pour capter la client\u00e8le. Ces projets devront \u00eatre men\u00e9s ou accompagn\u00e9s par la commune de Blain et ou la communaut\u00e9 de communes &gt;&gt;<\/strong>\u200b, pr\u00e9vient Bernard Lebeau.<\/p>\n<p><img loading=\"lazy\" decoding=\"async\" class=\"aligncenter wp-image-1028\" src=\"http:\/\/localhost\/wp-content\/uploads\/DSCN1291-300x225.jpg\" alt=\"\" width=\"600\" height=\"450\" srcset=\"http:\/\/valderdre.fr\/wrdp\/wp-content\/uploads\/DSCN1291-300x225.jpg 300w, http:\/\/valderdre.fr\/wrdp\/wp-content\/uploads\/DSCN1291-200x150.jpg 200w, http:\/\/valderdre.fr\/wrdp\/wp-content\/uploads\/DSCN1291-768x576.jpg 768w, http:\/\/valderdre.fr\/wrdp\/wp-content\/uploads\/DSCN1291-24x18.jpg 24w, http:\/\/valderdre.fr\/wrdp\/wp-content\/uploads\/DSCN1291-36x27.jpg 36w, http:\/\/valderdre.fr\/wrdp\/wp-content\/uploads\/DSCN1291-48x36.jpg 48w, http:\/\/valderdre.fr\/wrdp\/wp-content\/uploads\/DSCN1291.jpg 1024w\" sizes=\"auto, (max-width: 600px) 100vw, 600px\" \/><\/p>\n<p>Ouvert sur le canal, ce lieu disposera d\u2019une vue panoramique du site au dernier niveau et proposera des balades comment\u00e9es. <strong>&lt;&lt; Des outils interpr\u00e9tatifs seront pr\u00e9sent\u00e9s sur le quai Surcouf tout comme des jeux d\u2019eau dans le jardin pour attirer la curiosit\u00e9. Ce sera un lieu d\u2019informations touristiques sur l\u2019ensemble du canal. Une programmation \u00e9v\u00e9nementielle lui permettra de se renouveler et de s\u2019articuler avec les \u00e9v\u00e9nements locaux comme les Rendez-vous de l\u2019Erdre. Un partenariat avec les r\u00e9gions Bretagne et Pays de la Loire reste \u00e0 composer &gt;&gt;, \u200b<\/strong>ajoute le vice pr\u00e9sident en charge du tourisme.<\/p>\n<p>Ce projet vise une <strong>parfaite insertion environnementale du projet, le label tourisme et handicap<\/strong> \u200bet devrait \u00eatre le premier b\u00e2timent \u00e0 \u00e9nergie positive du D\u00e9partement.<\/p>\n<p><span style=\"color: #3366ff;\"><strong>Un budget pr\u00e9visionnel de 7 millions d\u2019euros<\/strong><\/span><\/p>\n<p>Une phase pr\u00e9alable de d\u00e9construction, un retraitement des sols et un diagnostic arch\u00e9ologique auront lieu avant le d\u00e9but des travaux, \u00e0 l\u2019automne 2023. Le co\u00fbt pr\u00e9visionnel global est de 7 M\u20ac TTC, financ\u00e9s par la taxe d\u2019am\u00e9nagement.<\/p>\n<p>Le D\u00e9partement entretient \u00e9galement le domaine public fluvial (canal, r\u00e9seau d\u2019alimentation, r\u00e9servoirs). En 2021, 1 M\u20ac est pr\u00e9vu pour la r\u00e9fection des berges. 195 000 \u20ac seront consacr\u00e9s \u00e0 la r\u00e9novation des portes d\u2019\u00e9cluses.<\/p>\n<p>Cet hiver, la r\u00e9novation des portes d\u2019\u00e9cluses de Bougard et de Melneuf se poursuit tout comme la r\u00e9fection de berges par \u00ab tunage bois \u00bb\u200b, la construction et la restauration de pontons d\u2019accostage dans les communes d\u2019H\u00e9ric, de Saffr\u00e9 et de Nort-sur-Erdre.<\/p>\n<p>Les travaux de modernisation et confortement du barrage de Vioreau d\u00e9buteront en 2023.<\/p>\n<p><strong><em><span style=\"font-size: 10pt;\">Article Ouest-France du 12\/02\/2021<\/span><\/em><\/strong><\/p>\n","protected":false},"excerpt":{"rendered":"<p>Le canal de Nantes \u00e0 Brest aura son espace touristique \u00e0 Blain Le canal de Nantes \u00e0 Brest fait l\u2019objet de toute l\u2019attention du conseil d\u00e9partemental qui poursuit une s\u00e9rie de travaux. Il va engager 7 M\u20ac pour r\u00e9aliser, \u00e0 Blain, un espace touristique qui lui sera d\u00e9di\u00e9. Le D\u00e9partement va engager, d\u2019ici 2025, 7 M\u20ac pour la r\u00e9alisation \u00e0&#46;&#46;&#46;<\/p>\n","protected":false},"author":1,"featured_media":1029,"comment_status":"open","ping_status":"open","sticky":false,"template":"","format":"standard","meta":{"footnotes":""},"categories":[5],"tags":[],"class_list":["post-1025","post","type-post","status-publish","format-standard","has-post-thumbnail","hentry","category-le-canal"],"views":914,"_links":{"self":[{"href":"http:\/\/valderdre.fr\/wrdp\/wp-json\/wp\/v2\/posts\/1025","targetHints":{"allow":["GET"]}}],"collection":[{"href":"http:\/\/valderdre.fr\/wrdp\/wp-json\/wp\/v2\/posts"}],"about":[{"href":"http:\/\/valderdre.fr\/wrdp\/wp-json\/wp\/v2\/types\/post"}],"author":[{"embeddable":true,"href":"http:\/\/valderdre.fr\/wrdp\/wp-json\/wp\/v2\/users\/1"}],"replies":[{"embeddable":true,"href":"http:\/\/valderdre.fr\/wrdp\/wp-json\/wp\/v2\/comments?post=1025"}],"version-history":[{"count":4,"href":"http:\/\/valderdre.fr\/wrdp\/wp-json\/wp\/v2\/posts\/1025\/revisions"}],"predecessor-version":[{"id":1031,"href":"http:\/\/valderdre.fr\/wrdp\/wp-json\/wp\/v2\/posts\/1025\/revisions\/1031"}],"wp:featuredmedia":[{"embeddable":true,"href":"http:\/\/valderdre.fr\/wrdp\/wp-json\/wp\/v2\/media\/1029"}],"wp:attachment":[{"href":"http:\/\/valderdre.fr\/wrdp\/wp-json\/wp\/v2\/media?parent=1025"}],"wp:term":[{"taxonomy":"category","embeddable":true,"href":"http:\/\/valderdre.fr\/wrdp\/wp-json\/wp\/v2\/categories?post=1025"},{"taxonomy":"post_tag","embeddable":true,"href":"http:\/\/valderdre.fr\/wrdp\/wp-json\/wp\/v2\/tags?post=1025"}],"curies":[{"name":"wp","href":"https:\/\/api.w.org\/{rel}","templated":true}]}}